{"id":106224,"date":"2025-03-02T16:03:27","date_gmt":"2025-03-02T16:03:27","guid":{"rendered":"https:\/\/rdnews.al\/?p=106224"},"modified":"2025-03-02T16:40:42","modified_gmt":"2025-03-02T16:40:42","slug":"noka-me-11-maj-do-ta-cmontojme-edi-ramen-dhe-rilindjen","status":"publish","type":"post","link":"https:\/\/rdnews.al\/index.php\/2025\/03\/02\/noka-me-11-maj-do-ta-cmontojme-edi-ramen-dhe-rilindjen\/","title":{"rendered":"Noka: Shqiptar\u00ebt n\u00eb 12 vite pan\u00eb vet\u00ebm dhun\u00eb e diskriminim, tani \u00ebsht\u00eb koha t\u00eb \u00e7montojm\u00eb Rilindjen"},"content":{"rendered":"<p>Sekretari i P\u00ebrgjithsh\u00ebm i PD-s\u00eb, Flamur Noka, duke folur n\u00eb takimin madh\u00ebshtor me diaspor\u00ebn shqiptare n\u00eb Milano, u shpreh se, qeverisja e Edi Ram\u00ebs nuk u ka ofruar asgj\u00eb shqiptar\u00ebve, p\u00ebrve\u00e7 se diskriminimit dhe dhun\u00ebs.<\/p>\n<p>Noka n\u00eb fjal\u00ebn e tij, i b\u00ebri thirrje diaspor\u00ebs shqiptare q\u00eb t\u00eb marrin pjes\u00eb masivisht n\u00eb votime, p\u00ebr t\u00eb larguar dhe \u00e7montuar qeverisjen e rilindjes s\u00eb Ram\u00ebs.<\/p>\n<p><strong>Fjala e Sekretarit t\u00eb P\u00ebrgjithsh\u00ebm t\u00eb PD, Flamur Noka:<\/strong><\/p>\n<p>Ne treguam nj\u00eb kultur\u00eb evropiane dhe civile.<\/p>\n<p>Demokrat\u00ebt dje demonstruan nj\u00eb model t\u00eb papar\u00eb, demokracie dhe transparence.<\/p>\n<p>Demokrat\u00ebt dje demonstruan nj\u00eb diferenc\u00eb drastike me err\u00ebsir\u00ebn q\u00eb ka pllakosur n\u00eb bunkerin e rilindjes, ku b\u00ebjn\u00eb gar\u00eb se cila band\u00eb t\u00eb vendos\u00eb m\u00eb shum\u00eb deputet\u00eb se tjetra.<\/p>\n<p>Ne treguam se demokrat\u00ebt dhe qytetar\u00ebt i vendosin deputet\u00ebt dhe strukturat drejtuese.<\/p>\n<p>PD\u00a0 tregoi dje nj\u00eb qytetari t\u00eb rrall\u00eb tregoi se, modeli yn\u00eb p\u00ebr shqiptar\u00ebt, sot n\u00eb opozit\u00eb\u00a0 dhe nes\u00ebr n\u00eb pushtet do t\u00eb kaloj\u00eb vet\u00ebm tek vota e lir\u00eb.<\/p>\n<p>Jemi dy muaj e 10 dit\u00eb para zgjedhjeve, k\u00ebto zgjedhje do vendosin fatin e Shqip\u00ebris\u00eb dhe tonin dhe do t\u00eb jen\u00eb stacioni i fundit i t\u00eb keqes q\u00eb ka pllakosur Shqip\u00ebrin\u00eb prej 12 vitesh.<\/p>\n<p>K\u00ebto zgjedhje me vot\u00ebn tuaj do t\u00eb nd\u00ebshkojm\u00eb frontin e err\u00ebsir\u00ebs. Rilindja \u00ebsht\u00eb shnd\u00ebrruar n\u00eb frontin e err\u00ebsir\u00ebs pasi ajo kudo kund\u00ebrmon arom\u00eb t\u00eb f\u00eblliqur krimi dhe droge.<\/p>\n<p>\u00cbsht\u00eb fronti i err\u00ebsir\u00ebs pasi shqiptar\u00ebt n\u00eb k\u00ebto 12 vite nuk pan\u00eb dhe nuk prek\u00ebn jet\u00ebn normale, p\u00ebrve\u00e7 dhun\u00ebs, terrorit dhe diskriminimit.<\/p>\n<p>Xhorxh Sorros kishte plan q\u00eb ta kthente Shqip\u00ebrin\u00eb n\u00eb nj\u00eb vend t\u00eb pajetuesh\u00ebm p\u00ebr shqiptar\u00ebt dhe n\u00eb nj\u00eb parajs\u00eb p\u00ebr mafien e tij me kukull\u00ebn e tij Edi Rama.<\/p>\n<p>Ndaj p\u00ebr 12 vjet ik\u00ebn 1.1 milion\u00eb shqiptar\u00eb nga Shqio\u00ebria.<\/p>\n<p>Tashm\u00eb miq \u00ebsht\u00eb detyra jon\u00eb, ta \u00e7montojm\u00eb Rilindjen, ta shp\u00ebtojm\u00eb Shqip\u00ebrin\u00eb, dhe ne jemi t\u00eb vendosur q\u00eb ta b\u00ebjm\u00eb at\u00eb.<\/p>\n<p>Ne po ecim drejt fitores dhe ne do ta \u00e7montojm\u00eb Edi Ram\u00ebn dhe Rilindjen m\u00eb 11 maj.<\/p>\n<p>Ne do ta imponojm\u00eb ndryshimin se atdheu yn\u00eb i dashur mezi po e pret k\u00ebt\u00eb gj\u00eb.<\/p>\n<p>Ju e pat\u00eb n\u00eb kongresin Amerikan u b\u00eb nj\u00eb transparenc\u00eb e madhe e madhe e asaj q\u00eb ka ndodhur n\u00eb Shqip\u00ebri k\u00ebto vite.<\/p>\n<p>U b\u00eb nj\u00eb transparenc\u00eb e asaj q\u00eb b\u00ebri Soros dhe kukulla e tij, ndaj Sali Berish\u00ebs dhe opozit\u00ebs. Por miq, sa m\u00eb shum\u00eb t\u00eb avancoj\u00eb transparenca atje n\u00eb vendin e lirive, aq m\u00eb shum\u00eb do ti mbaroj\u00eb oksigjeni Edi Ram\u00ebs, aq m\u00eb shum\u00eb do ti shtr\u00ebngohet laku atij dhe ai e di shum\u00eb mir\u00eb k\u00ebt\u00eb.<\/p>\n<p>Ai e ndjen shum\u00eb mir\u00eb, se kjo \u00ebsht\u00eb arsyeja se k\u00ebto koh\u00ebt e fundit ai ka shkalluar, ka dal\u00eb nga binar\u00ebt. E keni par\u00eb si sillet Rama n\u00eb k\u00ebto koh\u00eb, ai sillet sikur ka t\u00eb 7-tat e regjimit t\u00eb tij. Edhe n\u00eb takimet q\u00eb b\u00ebn, e keni par\u00eb, nuk ka k\u00ebt\u00eb frym\u00eb, entuziaz\u00ebm, shpirt. Ai takimet i b\u00ebn si vaki, sepse vaki e ka 11 majin p\u00ebr t\u00eb dhe rilindjen e tij.<\/p>\n<p>Do ti shkojm\u00eb me vot\u00eb n\u00eb k\u00ebt\u00eb vaki Ram\u00ebs, juve q\u00eb ju p\u00ebrzuri do ti shkoni me vot\u00ebn tuaj.<\/p>\n<p>Fitorja i takon vet\u00ebm njer\u00ebzve t\u00eb lir\u00eb.<\/p>\n","protected":false},"excerpt":{"rendered":"<p>Sekretari i P\u00ebrgjithsh\u00ebm i PD-s\u00eb, Flamur Noka, duke folur n\u00eb takimin madh\u00ebshtor me diaspor\u00ebn shqiptare n\u00eb Milano, u shpreh se, qeverisja e Edi Ram\u00ebs nuk u ka ofruar asgj\u00eb shqiptar\u00ebve, p\u00ebrve\u00e7 se diskriminimit dhe dhun\u00ebs. Noka n\u00eb fjal\u00ebn e tij, i b\u00ebri thirrje diaspor\u00ebs shqiptare q\u00eb t\u00eb marrin pjes\u00eb masivisht n\u00eb votime, p\u00ebr t\u00eb larguar &hellip;<\/p>\n","protected":false},"author":4,"featured_media":106243,"comment_status":"closed","ping_status":"closed","sticky":false,"template":"","format":"standard","meta":{"footnotes":""},"categories":[37],"tags":[],"class_list":["post-106224","post","type-post","status-publish","format-standard","has-post-thumbnail","","category-politike"],"_links":{"self":[{"href":"https:\/\/rdnews.al\/index.php\/wp-json\/wp\/v2\/posts\/106224","targetHints":{"allow":["GET"]}}],"collection":[{"href":"https:\/\/rdnews.al\/index.php\/wp-json\/wp\/v2\/posts"}],"about":[{"href":"https:\/\/rdnews.al\/index.php\/wp-json\/wp\/v2\/types\/post"}],"author":[{"embeddable":true,"href":"https:\/\/rdnews.al\/index.php\/wp-json\/wp\/v2\/users\/4"}],"replies":[{"embeddable":true,"href":"https:\/\/rdnews.al\/index.php\/wp-json\/wp\/v2\/comments?post=106224"}],"version-history":[{"count":3,"href":"https:\/\/rdnews.al\/index.php\/wp-json\/wp\/v2\/posts\/106224\/revisions"}],"predecessor-version":[{"id":106244,"href":"https:\/\/rdnews.al\/index.php\/wp-json\/wp\/v2\/posts\/106224\/revisions\/106244"}],"wp:featuredmedia":[{"embeddable":true,"href":"https:\/\/rdnews.al\/index.php\/wp-json\/wp\/v2\/media\/106243"}],"wp:attachment":[{"href":"https:\/\/rdnews.al\/index.php\/wp-json\/wp\/v2\/media?parent=106224"}],"wp:term":[{"taxonomy":"category","embeddable":true,"href":"https:\/\/rdnews.al\/index.php\/wp-json\/wp\/v2\/categories?post=106224"},{"taxonomy":"post_tag","embeddable":true,"href":"https:\/\/rdnews.al\/index.php\/wp-json\/wp\/v2\/tags?post=106224"}],"curies":[{"name":"wp","href":"https:\/\/api.w.org\/{rel}","templated":true}]}}