{"id":106230,"date":"2025-03-02T16:07:31","date_gmt":"2025-03-02T16:07:31","guid":{"rendered":"https:\/\/rdnews.al\/?p=106230"},"modified":"2025-03-02T16:09:10","modified_gmt":"2025-03-02T16:09:10","slug":"garo-diaspora-ta-shohe-shqiperine-jo-vetem-si-vendin-e-zemres-por-vendin-e-endrrave","status":"publish","type":"post","link":"https:\/\/rdnews.al\/index.php\/2025\/03\/02\/garo-diaspora-ta-shohe-shqiperine-jo-vetem-si-vendin-e-zemres-por-vendin-e-endrrave\/","title":{"rendered":"Floriana Garo: Pas 11 majit edhe te ne do t\u00eb ket\u00eb nj\u00eb sherif t\u00eb ri n\u00eb qytet dhe ai \u00ebsht\u00eb Sali Berisha!"},"content":{"rendered":"<p>N\u00eb fjal\u00ebn e mbajtur n\u00eb takimin me diaspor\u00ebn n\u00eb Milano, z\u00ebdh\u00ebn\u00ebsja e Partis\u00eb Demokratike Floriana Garo u b\u00ebri thirrje shqiptar\u00ebve t\u00eb diaspor\u00ebs q\u00eb ta shikojn\u00eb Shqip\u00ebrin\u00eb jo vet\u00ebm si vendin e zemr\u00ebs, por edhe t\u00eb \u00ebnd\u00ebrrave.<\/p>\n<p>Ajo b\u00ebri t\u00eb ditur se, p\u00ebr shqiptar\u00ebt q\u00eb rikthehen n\u00eb vend dhe do t\u00eb investojn\u00eb p\u00ebr 5 vite nuk do t\u00eb paguajn\u00eb taksa.<\/p>\n<p><strong>Fjala e mbajtur nga z\u00ebdh\u00ebn\u00ebsja e PD, Floriana Garo:<\/strong><\/p>\n<p>T\u00eb dashur demokrat\u00eb q\u00eb vini nga \u00e7do skaj i Italis\u00eb! Faleminderit nga zemra p\u00ebr k\u00ebt\u00eb mikpritje!<\/p>\n<p>I nderuari Kryetar i Partis\u00eb Demokratike, Prof. Dr. Sali Berisha, t\u00eb dashur miq!<\/p>\n<p>Sot jam e mbushur me nj\u00eb krenari t\u00eb pap\u00ebrshkrueshme. Ndodhem mes demokrat\u00ebve t\u00eb lir\u00eb t\u00eb diaspor\u00ebs, t\u00eb cil\u00ebt jan\u00eb n\u00eb k\u00ebmb\u00eb p\u00ebr t\u00eb mund\u00ebsuar ndryshimin e madh q\u00eb shqiptar\u00ebt mezi po e presin: ardhjen e Partis\u00eb Demokratike n\u00eb pushtet.<\/p>\n<p>Kur nis\u00ebm turin e takimeve n\u00eb Diaspor\u00eb n\u00eb Lond\u00ebr para disa muajsh, Kryetari yn\u00eb ishte n\u00eb arrest sht\u00ebpiak dhe fitorja e PD dukej larg.<\/p>\n<p>Por \u00e7far\u00eb sjell minuti, nuk e sjell ora\u2026<\/p>\n<p>Ne kurr\u00eb nuk resht\u00ebm s\u00eb besuari.<\/p>\n<p>Na ndan\u00eb, na p\u00ebr\u00e7an\u00eb, na censuruan dhe na p\u00ebr\u00e7muan. Na mor\u00ebn logon dhe flamurin, na sulmuan dhe luftuan nga kreu i qeveris\u00eb deri tek nivelet m\u00eb t\u00eb larta t\u00eb ish-administrat\u00ebs amerikane.<\/p>\n<p>Na than\u00eb se do hanim bar n\u00ebse nuk b\u00ebnim si\u00e7 d\u00ebshironin ata. Na arrestuan Kryetarin pa asnj\u00eb fakt e asnj\u00eb prov\u00eb, por u gabuan me demokrat\u00ebt!<\/p>\n<p>Ne besuam, q\u00ebndruam dhe luftuam p\u00ebr kauz\u00ebn ton\u00eb t\u00eb drejt\u00eb dhe n\u00eb fund fituam!<\/p>\n<p>Si\u00e7 thot\u00eb Sali Berisha, kauza e drejt\u00eb gjithmon\u00eb fiton.<\/p>\n<p>Dhe nuk ka asnj\u00eb forc\u00eb q\u00eb mund ta ndal\u00eb me ortekun e fitores!<\/p>\n<p>Si\u00e7 premtoi Prof. Dr. Sali Berisha n\u00eb fillimet e Foltores kur un\u00eb iu bashkova, tani Partia Demokratike \u00ebsht\u00eb m\u00eb e fort\u00eb, m\u00eb q\u00ebndrestar\u00eb, q\u00eb treguan se nuk kthehen as para nj\u00eb Amerika gjigande, m\u00eb e bashkuar edhe me ata q\u00eb mund t\u00eb mendojn\u00eb ndryshe nga shumica, dhe m\u00eb e hapur, me plot t\u00eb rinj me energji dhe integritet q\u00eb do t\u2019i \u00e7ojn\u00eb p\u00ebrpara vlerat tona.<\/p>\n<p>Sot, ne vijm\u00eb krenar\u00eb para jush sepse kemi bindjen e thell\u00eb se t\u00eb gjith\u00eb bashk\u00eb, Shqip\u00ebris\u00eb mund t\u2019i japim ndryshimin q\u00eb meriton. Ka ardhur koha p\u00ebr ne t\u00eb djatht\u00ebt, p\u00ebr rikthimin tek vlerat q\u00eb na karakterizojn\u00eb.<\/p>\n<p>Ka ardhur koha t\u00eb investojm\u00eb tek qytetar\u00ebt, tek familjet shqiptare, tek rinia dhe e ardhmja. Ka ardhur koha q\u00eb edhe diaspora ta shoh\u00eb Shqip\u00ebrin\u00eb jo vet\u00ebm si vendin e zemr\u00ebs, por si vendin e \u00ebndrrave. Nj\u00eb vend pa taksa p\u00ebr 5 vjet p\u00ebr \u00e7do emigrant q\u00eb kthehet dhe e rind\u00ebrton jet\u00ebn k\u00ebtu. Nj\u00eb vend me minimum jetik 200 euro p\u00ebr \u00e7do individ, me rroga dhe pensione t\u00eb dyfishuara, nj\u00eb Shqip\u00ebri t\u00eb teknologjis\u00eb s\u00eb fundit dhe nj\u00eb vend q\u00eb garanton pun\u00ebsim dhe jet\u00eb me dinjitet p\u00ebr t\u00eb gjith\u00eb bijt\u00eb e tij, kudo q\u00eb ndodhen. Nj\u00eb vend ku t\u00eb dashurit tuaj jetojn\u00eb t\u00eb qet\u00eb dhe t\u00eb sigurt, e ju nuk rrini m\u00eb me kok\u00ebn pas n\u00eb merak p\u00ebr ta.<\/p>\n<p>Miq, tani ne nuk jemi m\u00eb vet\u00ebm. Luft\u00ebs ndaj ekstremit t\u00eb majt\u00eb q\u00eb kishte marrosur bot\u00ebn me devijimin e skajsh\u00ebm nga vlerat e tradita, po i prij\u00eb Shtetet e Bashkuara t\u00eb Amerik\u00ebs me presidentin Donald Trump. Fati po kthehet n\u00eb an\u00ebn ton\u00eb, miq, por fitore varet nga ne!<\/p>\n<p>Kemi nevoj\u00eb p\u00ebr ju, p\u00ebr mb\u00ebshtetjen dhe vot\u00ebn tuaj, p\u00ebr energjin\u00eb tuaj elektrizuese q\u00eb po motivon \u00e7do demokrat anemban\u00eb Shqip\u00ebris\u00eb p\u00ebr t\u00eb mos pasur m\u00eb frik\u00eb, por p\u00ebr t\u2019u ngritur me vendosm\u00ebri kund\u00ebr k\u00ebsaj narko-qeverie q\u00eb tani po shkrumbohet dita dit\u00ebs!<\/p>\n<p>Chris La Civita, drejtuesi i fushat\u00ebs fituese t\u00eb Donald Trump, ka ardhur t\u00eb na ndihmoj\u00eb edhe ne ta kthejm\u00eb fushat\u00ebn ton\u00eb t\u00eb Partis\u00eb Demokratike n\u00eb fituese.<\/p>\n<p>Miq, edhe tek ne pas 11 majit do t\u00eb ket\u00eb nj\u00eb sherif t\u00eb ri n\u00eb qytet dhe ai \u00ebsht\u00eb Sali Berisha!<\/p>\n","protected":false},"excerpt":{"rendered":"<p>N\u00eb fjal\u00ebn e mbajtur n\u00eb takimin me diaspor\u00ebn n\u00eb Milano, z\u00ebdh\u00ebn\u00ebsja e Partis\u00eb Demokratike Floriana Garo u b\u00ebri thirrje shqiptar\u00ebve t\u00eb diaspor\u00ebs q\u00eb ta shikojn\u00eb Shqip\u00ebrin\u00eb jo vet\u00ebm si vendin e zemr\u00ebs, por edhe t\u00eb \u00ebnd\u00ebrrave. Ajo b\u00ebri t\u00eb ditur se, p\u00ebr shqiptar\u00ebt q\u00eb rikthehen n\u00eb vend dhe do t\u00eb investojn\u00eb p\u00ebr 5 vite nuk &hellip;<\/p>\n","protected":false},"author":4,"featured_media":106231,"comment_status":"closed","ping_status":"closed","sticky":false,"template":"","format":"standard","meta":{"footnotes":""},"categories":[37],"tags":[],"class_list":["post-106230","post","type-post","status-publish","format-standard","has-post-thumbnail","","category-politike"],"_links":{"self":[{"href":"https:\/\/rdnews.al\/index.php\/wp-json\/wp\/v2\/posts\/106230","targetHints":{"allow":["GET"]}}],"collection":[{"href":"https:\/\/rdnews.al\/index.php\/wp-json\/wp\/v2\/posts"}],"about":[{"href":"https:\/\/rdnews.al\/index.php\/wp-json\/wp\/v2\/types\/post"}],"author":[{"embeddable":true,"href":"https:\/\/rdnews.al\/index.php\/wp-json\/wp\/v2\/users\/4"}],"replies":[{"embeddable":true,"href":"https:\/\/rdnews.al\/index.php\/wp-json\/wp\/v2\/comments?post=106230"}],"version-history":[{"count":3,"href":"https:\/\/rdnews.al\/index.php\/wp-json\/wp\/v2\/posts\/106230\/revisions"}],"predecessor-version":[{"id":106234,"href":"https:\/\/rdnews.al\/index.php\/wp-json\/wp\/v2\/posts\/106230\/revisions\/106234"}],"wp:featuredmedia":[{"embeddable":true,"href":"https:\/\/rdnews.al\/index.php\/wp-json\/wp\/v2\/media\/106231"}],"wp:attachment":[{"href":"https:\/\/rdnews.al\/index.php\/wp-json\/wp\/v2\/media?parent=106230"}],"wp:term":[{"taxonomy":"category","embeddable":true,"href":"https:\/\/rdnews.al\/index.php\/wp-json\/wp\/v2\/categories?post=106230"},{"taxonomy":"post_tag","embeddable":true,"href":"https:\/\/rdnews.al\/index.php\/wp-json\/wp\/v2\/tags?post=106230"}],"curies":[{"name":"wp","href":"https:\/\/api.w.org\/{rel}","templated":true}]}}