{"id":106238,"date":"2025-03-02T16:15:56","date_gmt":"2025-03-02T16:15:56","guid":{"rendered":"https:\/\/rdnews.al\/?p=106238"},"modified":"2025-03-02T16:41:05","modified_gmt":"2025-03-02T16:41:05","slug":"topalli-shqiptaret-e-diaspores-do-te-bejne-rotacionin-dhe-te-ardhmen-e-shqiperise","status":"publish","type":"post","link":"https:\/\/rdnews.al\/index.php\/2025\/03\/02\/topalli-shqiptaret-e-diaspores-do-te-bejne-rotacionin-dhe-te-ardhmen-e-shqiperise\/","title":{"rendered":"Topalli: Shqiptar\u00ebt e diaspor\u00ebs do t\u00eb b\u00ebjn\u00eb rotacionin dhe t\u00eb ardhmen e Shqip\u00ebris\u00eb"},"content":{"rendered":"<p>Koordinatorja e Diaspor\u00ebs n\u00eb PD, Jozefina Topalli duke folur n\u00eb takimin madh\u00ebshtor n\u00eb Milano, u shpreh se, shqiptar\u00ebt e diaspor\u00ebs do t\u00eb b\u00ebjn\u00eb rotacionin n\u00eb Shqip\u00ebri dhe do ta ndryshojn\u00eb t\u00ebr\u00ebsisht t\u00eb ardhmen e vendit.<\/p>\n<p>\u201cSot ne jemi fizikisht t\u00eb gjith\u00eb bashk\u00eb k\u00ebtu n\u00eb Milano, por t\u00eb gjith\u00eb bashk\u00eb me zemra shqiptare ne jemi n\u00eb Shqip\u00ebri, tek vendlindja juaj, t\u00eb cil\u00ebn ju nuk e keni l\u00ebn\u00eb asnj\u00ebher\u00eb pas.<\/p>\n<p>Gjat\u00eb k\u00ebsaj periudhe, kam d\u00ebgjuar rr\u00ebfimet n\u00eb p\u00ebrgjith\u00ebsi i mbani brenda shpirtit tuaj. N\u00eb Bari d\u00ebgjova nj\u00eb djal\u00eb i cili kishte krijuar nj\u00eb familje t\u00eb bukur e m\u00eb tha; kam ikur kur isha 16 vje\u00e7 dhe e kujtoj at\u00eb dit\u00eb, kujtoj shikimin e n\u00ebn\u00ebs e cila m\u00eb p\u00ebrqafoj\u00eb dhe dukej se nuk do m\u00eb linte t\u00eb ikja, e m\u00eb pas dor\u00ebn e bab\u00ebs mbi supe.<\/p>\n<p>Un\u00eb nuk e dija ku po ikja dhe sa her\u00eb rr\u00ebzohesha, apo isha gati p\u00ebr tu dor\u00ebzuar tek ai vend ku nuk e njihja, mendoja vet\u00ebm shikimin dhe bekimin e nan\u00ebs.<\/p>\n<p>Sot ja kam dal\u00eb, kam nj\u00eb familje t\u00eb bukur, dy f\u00ebmij\u00eb t\u00eb mrekulluesh\u00ebm.<\/p>\n<p>Si historia e tij, ka histori t\u00eb pafundme. Disa prej jush kan\u00eb ikur her\u00ebt shum\u00eb me barka nga Durr\u00ebsi, Vlora e Sh\u00ebngjini.<\/p>\n<p>Un\u00eb besoj se diaspora k\u00ebsaj here do t\u00eb b\u00ebj\u00eb rotacionin n\u00eb Shqip\u00ebri dhe besoj se shqiptar\u00ebt jasht\u00eb Shqip\u00ebris\u00eb do t\u00eb ndryshojn\u00eb t\u00ebr\u00ebsisht t\u00eb ardhmen ton\u00eb, p\u00ebr t\u00eb pasur nj\u00eb Shqip\u00ebri m\u00eb t\u00eb mir\u00eb, nj\u00eb Shqip\u00ebri m\u00eb t\u00eb drejt\u00eb e p\u00ebr t\u00eb qen\u00eb krenar p\u00ebr vendlindjen tuaj\u201d, tha nd\u00ebr t\u00eb tjera Topalli.<\/p>\n","protected":false},"excerpt":{"rendered":"<p>Koordinatorja e Diaspor\u00ebs n\u00eb PD, Jozefina Topalli duke folur n\u00eb takimin madh\u00ebshtor n\u00eb Milano, u shpreh se, shqiptar\u00ebt e diaspor\u00ebs do t\u00eb b\u00ebjn\u00eb rotacionin n\u00eb Shqip\u00ebri dhe do ta ndryshojn\u00eb t\u00ebr\u00ebsisht t\u00eb ardhmen e vendit. \u201cSot ne jemi fizikisht t\u00eb gjith\u00eb bashk\u00eb k\u00ebtu n\u00eb Milano, por t\u00eb gjith\u00eb bashk\u00eb me zemra shqiptare ne jemi n\u00eb &hellip;<\/p>\n","protected":false},"author":4,"featured_media":106225,"comment_status":"closed","ping_status":"closed","sticky":false,"template":"","format":"standard","meta":{"footnotes":""},"categories":[37],"tags":[],"class_list":["post-106238","post","type-post","status-publish","format-standard","has-post-thumbnail","","category-politike"],"_links":{"self":[{"href":"https:\/\/rdnews.al\/index.php\/wp-json\/wp\/v2\/posts\/106238","targetHints":{"allow":["GET"]}}],"collection":[{"href":"https:\/\/rdnews.al\/index.php\/wp-json\/wp\/v2\/posts"}],"about":[{"href":"https:\/\/rdnews.al\/index.php\/wp-json\/wp\/v2\/types\/post"}],"author":[{"embeddable":true,"href":"https:\/\/rdnews.al\/index.php\/wp-json\/wp\/v2\/users\/4"}],"replies":[{"embeddable":true,"href":"https:\/\/rdnews.al\/index.php\/wp-json\/wp\/v2\/comments?post=106238"}],"version-history":[{"count":1,"href":"https:\/\/rdnews.al\/index.php\/wp-json\/wp\/v2\/posts\/106238\/revisions"}],"predecessor-version":[{"id":106239,"href":"https:\/\/rdnews.al\/index.php\/wp-json\/wp\/v2\/posts\/106238\/revisions\/106239"}],"wp:featuredmedia":[{"embeddable":true,"href":"https:\/\/rdnews.al\/index.php\/wp-json\/wp\/v2\/media\/106225"}],"wp:attachment":[{"href":"https:\/\/rdnews.al\/index.php\/wp-json\/wp\/v2\/media?parent=106238"}],"wp:term":[{"taxonomy":"category","embeddable":true,"href":"https:\/\/rdnews.al\/index.php\/wp-json\/wp\/v2\/categories?post=106238"},{"taxonomy":"post_tag","embeddable":true,"href":"https:\/\/rdnews.al\/index.php\/wp-json\/wp\/v2\/tags?post=106238"}],"curies":[{"name":"wp","href":"https:\/\/api.w.org\/{rel}","templated":true}]}}