{"id":106252,"date":"2025-03-02T19:16:32","date_gmt":"2025-03-02T19:16:32","guid":{"rendered":"https:\/\/rdnews.al\/?p=106252"},"modified":"2025-03-02T19:16:49","modified_gmt":"2025-03-02T19:16:49","slug":"kerkohet-largimi-i-zelisnkyt-shba-nevojitet-nje-udheheqes-ukrainas-qe-deshiron-paqe","status":"publish","type":"post","link":"https:\/\/rdnews.al\/index.php\/2025\/03\/02\/kerkohet-largimi-i-zelisnkyt-shba-nevojitet-nje-udheheqes-ukrainas-qe-deshiron-paqe\/","title":{"rendered":"K\u00ebrkohet largimi i Zelisnkyt, SHBA: Nevojitet nj\u00eb udh\u00ebheq\u00ebs ukrainas q\u00eb d\u00ebshiron paqe"},"content":{"rendered":"<p>K\u00ebshilltari i Sht\u00ebpis\u00eb s\u00eb Bardh\u00eb p\u00ebr Sigurin\u00eb Komb\u00ebtare, Mike Waltz, tha se Shtetet e Bashkuara synojn\u00eb t\u00eb arrijn\u00eb nj\u00eb paqe t\u00eb p\u00ebrheshme mes Mosk\u00ebs dhe Kievit, q\u00eb p\u00ebrfshin shk\u00ebmbim territoresh, n\u00eb k\u00ebmbim t\u00eb garancive t\u00eb siguris\u00eb, t\u00eb drejtuara nga Evropa. Ai shtoi se p\u00ebr k\u00ebt\u00eb nevojitet nj\u00eb udh\u00ebheq\u00ebs ukrainas q\u00eb \u00ebsht\u00eb i gatsh\u00ebm p\u00ebr t\u00eb arritur nj\u00eb paqe t\u00eb q\u00ebndrueshme me Rusin\u00eb, por nuk \u00ebsht\u00eb e qart\u00eb n\u00ebse zoti Zelenksiy \u00ebsht\u00eb i p\u00ebrgatitur p\u00ebr nj\u00eb gj\u00eb t\u00eb till\u00eb.<\/p>\n<p>I pyetur n\u00ebse zoti Trump d\u00ebshiron dor\u00ebheqjen e Pesidentit Zelenskiy, zoti Waltz tha p\u00ebr programin \u201cState of the Union\u201d t\u00eb rrjetit CNN se\u00a0<em>\u201cNe kemi nevoj\u00eb p\u00ebr nj\u00eb udh\u00ebheq\u00ebs q\u00eb mund t\u00eb merret vesh me ne, mund\u00ebsisht me Rusis\u00eb dhe t\u2019i jap\u00eb fund luft\u00ebs\u201d.<\/em><\/p>\n<p><em>\u201cN\u00ebse b\u00ebhet e qart\u00eb se motivet persoanle ose politike t\u00eb Presidentit Zelenskyy bien ndesh me dh\u00ebnien fund t\u00eb luft\u00ebs n\u00eb vendin e tij, at\u00ebher\u00eb mendoj se kemi p\u00ebrpara nj\u00eb problem real\u201d,<\/em>\u00a0tha zoti Waltz.<\/p>\n<p>Kryetari i Dhom\u00ebs s\u00eb P\u00ebrfaq\u00ebsuesve, Mike Johnson, sugjeroi gjithashtu se Ukrain\u00ebs mund t\u2019i duhet nj\u00eb udh\u00ebheq\u00ebs tjet\u00ebr n\u00ebse Presidenti Zelenskiy nuk pajtohet me k\u00ebrkesat e Shteteve t\u00eb Bashkuara.<\/p>\n<p><em>&#8220;Di\u00e7ka duhet t\u00eb ndryshoj\u00eb. Ose ai duhet t\u00eb vij\u00eb n\u00eb vete dhe t\u00eb kthehet n\u00eb tryez\u00eb me mir\u00ebnjohjeje, ose dikush tjet\u00ebr duhet t\u00eb udh\u00ebheq\u00eb vendin p\u00ebr ta b\u00ebr\u00eb k\u00ebt\u00eb\u201d,\u00a0<\/em>tha zoti Johnson p\u00ebr programin \u201cMeet the Press\u201d t\u00eb rrjetit televiziv NBC.<\/p>\n<p>Takimi i s\u00eb premtes n\u00eb Zyr\u00ebn Ovale shfaqi publikisht tensionet mes Presidentit Zelenskyy dhe zotit Trump. Si rrjedhoj\u00eb, nj\u00eb marr\u00ebveshje mes dy vendeve p\u00ebr t\u00eb shfryt\u00ebzuar s\u00eb bashku mineralet e rralla t\u00eb n\u00ebntok\u00ebs ukrainase, nuk u firmos.<\/p>\n<p><em>\u201cNuk ishte e qart\u00eb p\u00ebr ne q\u00eb Presidenti Zelenskiy ishte gati p\u00ebr t\u00eb negociuar dhe n\u00eb mir\u00ebbesim p\u00ebr t\u2019i dh\u00ebn\u00eb fund k\u00ebsaj lufte\u201d,<\/em>\u00a0tha zoti Waltz.<\/p>\n<p>N\u00eb programin \u201cThis Week\u201d t\u00eb rrjetit ABC, shefi i diplomacis\u00eb amerikane, Marco Rubio tha se nuk kishte folur q\u00eb nga e premtja as me Presidentin Zelenskyy as me Ministrin e Jasht\u00ebm t\u00eb Ukrain\u00ebs, Andrii Sybiha.<\/p>\n<p><em>\u201cDo t\u00eb jemi gati t\u00eb riangazhohemi kur ata t\u00eb jen\u00eb gati p\u00ebr paqe\u201d<\/em>, tha Sekretari amerikan i Shtetit, Marco Rubio.<\/p>\n<p>Senatorja demokrate, Amy Klobuchar, tha p\u00ebr programin \u201cThis Week\u201d se ishte \u201ctronditur\u201d nga p\u00ebrplasja n\u00eb Zyr\u00ebn Ovale dhe se ajo ishte takuar me Presidentin Zelenskiy t\u00eb premten, p\u00ebrpara se ai t\u00eb shkonte n\u00eb Sht\u00ebpin\u00eb e Bardh\u00eb dhe se ai ishte entuziast p\u00ebr firmosjen e marr\u00ebveshjes p\u00ebr mineralet.<\/p>\n<p><em>\u201cKa ende hap\u00ebsir\u00eb\u201d<\/em>\u00a0p\u00ebr nj\u00eb marr\u00ebveshje paqeje, tha ajo.<\/p>\n","protected":false},"excerpt":{"rendered":"<p>K\u00ebshilltari i Sht\u00ebpis\u00eb s\u00eb Bardh\u00eb p\u00ebr Sigurin\u00eb Komb\u00ebtare, Mike Waltz, tha se Shtetet e Bashkuara synojn\u00eb t\u00eb arrijn\u00eb nj\u00eb paqe t\u00eb p\u00ebrheshme mes Mosk\u00ebs dhe Kievit, q\u00eb p\u00ebrfshin shk\u00ebmbim territoresh, n\u00eb k\u00ebmbim t\u00eb garancive t\u00eb siguris\u00eb, t\u00eb drejtuara nga Evropa. Ai shtoi se p\u00ebr k\u00ebt\u00eb nevojitet nj\u00eb udh\u00ebheq\u00ebs ukrainas q\u00eb \u00ebsht\u00eb i gatsh\u00ebm p\u00ebr t\u00eb &hellip;<\/p>\n","protected":false},"author":3,"featured_media":106253,"comment_status":"closed","ping_status":"closed","sticky":false,"template":"","format":"standard","meta":{"footnotes":""},"categories":[37],"tags":[],"class_list":["post-106252","post","type-post","status-publish","format-standard","has-post-thumbnail","","category-politike"],"_links":{"self":[{"href":"https:\/\/rdnews.al\/index.php\/wp-json\/wp\/v2\/posts\/106252","targetHints":{"allow":["GET"]}}],"collection":[{"href":"https:\/\/rdnews.al\/index.php\/wp-json\/wp\/v2\/posts"}],"about":[{"href":"https:\/\/rdnews.al\/index.php\/wp-json\/wp\/v2\/types\/post"}],"author":[{"embeddable":true,"href":"https:\/\/rdnews.al\/index.php\/wp-json\/wp\/v2\/users\/3"}],"replies":[{"embeddable":true,"href":"https:\/\/rdnews.al\/index.php\/wp-json\/wp\/v2\/comments?post=106252"}],"version-history":[{"count":2,"href":"https:\/\/rdnews.al\/index.php\/wp-json\/wp\/v2\/posts\/106252\/revisions"}],"predecessor-version":[{"id":106255,"href":"https:\/\/rdnews.al\/index.php\/wp-json\/wp\/v2\/posts\/106252\/revisions\/106255"}],"wp:featuredmedia":[{"embeddable":true,"href":"https:\/\/rdnews.al\/index.php\/wp-json\/wp\/v2\/media\/106253"}],"wp:attachment":[{"href":"https:\/\/rdnews.al\/index.php\/wp-json\/wp\/v2\/media?parent=106252"}],"wp:term":[{"taxonomy":"category","embeddable":true,"href":"https:\/\/rdnews.al\/index.php\/wp-json\/wp\/v2\/categories?post=106252"},{"taxonomy":"post_tag","embeddable":true,"href":"https:\/\/rdnews.al\/index.php\/wp-json\/wp\/v2\/tags?post=106252"}],"curies":[{"name":"wp","href":"https:\/\/api.w.org\/{rel}","templated":true}]}}