{"id":106256,"date":"2025-03-02T21:57:38","date_gmt":"2025-03-02T21:57:38","guid":{"rendered":"https:\/\/rdnews.al\/?p=106256"},"modified":"2025-03-02T21:57:38","modified_gmt":"2025-03-02T21:57:38","slug":"per-karlot-dhe-beqiret","status":"publish","type":"post","link":"https:\/\/rdnews.al\/index.php\/2025\/03\/02\/per-karlot-dhe-beqiret\/","title":{"rendered":"P\u00ebr Karlot dhe Beqir\u00ebt&#8230;"},"content":{"rendered":"<p><strong>Nga Adriana KALAJA<\/strong><\/p>\n<p>S\u00eb pari, m\u00eb lumturon fakti se Aleanca e Qelb\u00ebsirave, m\u00eb ndjek n\u00eb \u00e7do status q\u00eb un\u00eb b\u00ebj.<\/p>\n<p>S\u00eb dyti, forcimi dhe bashkimi i Partis\u00eb Demokratike, u ka err\u00ebsuar aq shum\u00eb syt\u00eb sa \u00e7do status timin jasht\u00eb politik\u00ebs, e atashojn\u00eb aty.<\/p>\n<p>S\u00eb treti, q\u00eb t\u00eb mos fillonte ngr\u00ebnien e\u00a0&#8220;ushqimit t\u00eb p\u00ebrditsh\u00ebm&#8221;, sponsorizuar nga regjimi, Aleanca e Qelb\u00ebsirave, e hoqa statusin p\u00ebr shkak t\u00eb keqkuptimeve, se kush m\u00eb njeh e di q\u00eb un\u00eb vet\u00ebm Zotin kam frik\u00eb.<\/p>\n<p>S\u00eb kat\u00ebrti, sa meren me primaret tona, t\u00eb meren me listat q\u00eb b\u00ebn tutori i tyre, sipas urdh\u00ebrave q\u00eb i vendos krimi i organizuar.<\/p>\n<p>S\u00eb pesti, q\u00eb ka qefmbetje n\u00eb nj\u00eb gar\u00eb apo problematika p\u00ebr nj\u00eb vend si yni, ka, se kan\u00eb edhe ato emisionet e degjeneruara t\u00eb sposorizuara nga incenerator\u00ebt inekzistent\u00eb.<\/p>\n<p>N\u00ebse ka problematika, i ngrem\u00eb n\u00eb forume dhe i zgjidhim sipas Statutit, se nuk jemi grup i strukturuar kriminal q\u00eb vendos drejtuesi i grupit, Toto Rino.<\/p>\n<p>Ti thot\u00eb dikush se meremi vet\u00eb me pun\u00ebt tona dhe nuk ka as p\u00ebr\u00e7arje e as nu\u0137 \u00e7ojm\u00eb nj\u00ebri tjetrin n\u00eb SPAK si soji i ndyr\u00eb i tyre.<\/p>\n<p>As nuk paguajm\u00eb vras\u00ebs me pages\u00eb p\u00ebr gjoba e shantazhe.<\/p>\n<p>Mbase kjo i t\u00ebrbon m\u00eb shum\u00eb\u00a0 familjen mafioze rilindase.<\/p>\n<p>Por po.<\/p>\n<p>Un\u00eb nuk e fal as tradh\u00ebtin\u00eb e as mosmir\u00ebnjohjen.<\/p>\n<p>Po k\u00ebshtu, nuk fal as:<\/p>\n<p>Krimet e diktatur\u00ebs.<\/p>\n<p>Mashtrimin.<\/p>\n<p>Vjedhjen.<\/p>\n<p>Grabitjen e parave dhe pronave publike.<\/p>\n<p>Ndaj, shum\u00eb shpejt, do shkojn\u00eb ti b\u00ebjn\u00eb shoq\u00ebri atij te burgu i Durr\u00ebsit, q\u00eb i ka mbetur mbiemri im n\u00eb goj\u00eb.<\/p>\n<p>E vetmja gj\u00eb q\u00eb duhet t\u00eb b\u00ebjn\u00eb\u00a0 \u00ebsht\u00eb t\u00eb gjejn\u00eb nj\u00eb avokat t\u00eb mir\u00eb.<\/p>\n<p>Kush e ka rradh\u00ebn?<\/p>\n<p>Shihemi nes\u00ebr&#8230;&#8230;<\/p>\n<p>Ora dhe vendi i takimit nuk ka ndryshuar.<\/p>\n<p>PS: Meqen\u00ebse ndiqni statuset e mia, publikojeni dh\u00eb k\u00ebt\u00eb status, se mbase Karlot e Beqir\u00ebt njihen me t\u00eb ardhmen e tyre t\u00eb af\u00ebrt.<\/p>\n","protected":false},"excerpt":{"rendered":"<p>Nga Adriana KALAJA S\u00eb pari, m\u00eb lumturon fakti se Aleanca e Qelb\u00ebsirave, m\u00eb ndjek n\u00eb \u00e7do status q\u00eb un\u00eb b\u00ebj. S\u00eb dyti, forcimi dhe bashkimi i Partis\u00eb Demokratike, u ka err\u00ebsuar aq shum\u00eb syt\u00eb sa \u00e7do status timin jasht\u00eb politik\u00ebs, e atashojn\u00eb aty. S\u00eb treti, q\u00eb t\u00eb mos fillonte ngr\u00ebnien e\u00a0&#8220;ushqimit t\u00eb p\u00ebrditsh\u00ebm&#8221;, sponsorizuar nga &hellip;<\/p>\n","protected":false},"author":4,"featured_media":67658,"comment_status":"closed","ping_status":"closed","sticky":false,"template":"","format":"standard","meta":{"footnotes":""},"categories":[44],"tags":[],"class_list":["post-106256","post","type-post","status-publish","format-standard","has-post-thumbnail","","category-editorial"],"_links":{"self":[{"href":"https:\/\/rdnews.al\/index.php\/wp-json\/wp\/v2\/posts\/106256","targetHints":{"allow":["GET"]}}],"collection":[{"href":"https:\/\/rdnews.al\/index.php\/wp-json\/wp\/v2\/posts"}],"about":[{"href":"https:\/\/rdnews.al\/index.php\/wp-json\/wp\/v2\/types\/post"}],"author":[{"embeddable":true,"href":"https:\/\/rdnews.al\/index.php\/wp-json\/wp\/v2\/users\/4"}],"replies":[{"embeddable":true,"href":"https:\/\/rdnews.al\/index.php\/wp-json\/wp\/v2\/comments?post=106256"}],"version-history":[{"count":1,"href":"https:\/\/rdnews.al\/index.php\/wp-json\/wp\/v2\/posts\/106256\/revisions"}],"predecessor-version":[{"id":106257,"href":"https:\/\/rdnews.al\/index.php\/wp-json\/wp\/v2\/posts\/106256\/revisions\/106257"}],"wp:featuredmedia":[{"embeddable":true,"href":"https:\/\/rdnews.al\/index.php\/wp-json\/wp\/v2\/media\/67658"}],"wp:attachment":[{"href":"https:\/\/rdnews.al\/index.php\/wp-json\/wp\/v2\/media?parent=106256"}],"wp:term":[{"taxonomy":"category","embeddable":true,"href":"https:\/\/rdnews.al\/index.php\/wp-json\/wp\/v2\/categories?post=106256"},{"taxonomy":"post_tag","embeddable":true,"href":"https:\/\/rdnews.al\/index.php\/wp-json\/wp\/v2\/tags?post=106256"}],"curies":[{"name":"wp","href":"https:\/\/api.w.org\/{rel}","templated":true}]}}