{"id":10629,"date":"2022-04-28T09:42:54","date_gmt":"2022-04-28T09:42:54","guid":{"rendered":"https:\/\/rdnews.al\/?p=10629"},"modified":"2022-04-28T10:32:44","modified_gmt":"2022-04-28T10:32:44","slug":"spaho-i-permend-kartelen-e-spitalit-psikiatrik-rama-behet-prape-per-spital","status":"publish","type":"post","link":"https:\/\/rdnews.al\/index.php\/2022\/04\/28\/spaho-i-permend-kartelen-e-spitalit-psikiatrik-rama-behet-prape-per-spital\/","title":{"rendered":"Spaho i p\u00ebrmend kartel\u00ebn e spitalit psikiatrik, Rama b\u00ebhet prap\u00eb p\u00ebr spital"},"content":{"rendered":"<p>Deputeti i PD, Edmond Spaho i p\u00ebrmendi kartel\u00ebn n\u00eb spitalin 5 t\u00eb Edi Ram\u00ebs q\u00eb prej koh\u00ebs kur ishte student.<\/p>\n<p>Rama \u00ebsht\u00eb trajtuar n\u00eb k\u00ebt\u00eb spital nd\u00ebrsa Spaho u detyrua t\u2019ia p\u00ebrmendte pas nj\u00eb lum\u00eb fyerjesh q\u00eb Kryeministri drejtoi ndaj deputet\u00ebve t\u00eb PD.<\/p>\n<p>Debati nisi pasi deputetja Ina Zhupa denoncoi mbajtjen sekret t\u00eb marr\u00ebveshjes s\u00eb Butrintit nga ana e qeveris\u00eb dhe ministris\u00eb s\u00eb Kultur\u00ebs.<\/p>\n<p>M\u00eb pas e mori fjal\u00ebn edhe ministrja e Kultur\u00ebs Elvi Margariti e cila tha se do pun\u00ebsohen persona nga komuniteti.<\/p>\n<p>M\u00eb pas nd\u00ebrhyri Rama. \u201cBudalliku n\u00eb familjen tuaj \u00ebsht\u00eb ngjit\u00ebse. E keni n\u00eb ADN e partis\u00eb tuaj q\u00eb t\u00eb trash\u00ebgoni budallikun brez pa brezi dhe ta vazhdoni t\u00eb gjith\u00eb mbi t\u00eb marrjen e njer\u00ebzve p\u00ebr budallenj dhe prandaj jeni katandisur k\u00ebshtu dhe do t\u00eb katandiseni m\u00eb keq. Ndahuni me pjes\u00eb sa t\u00eb doni, ju jeni si asjo pjesa e ndar\u00eb n\u00eb 4-5 pjes\u00eb, jeni nj\u00ebsoj dhe vini flisni k\u00ebtu p\u00ebr vlerat e trash\u00ebgimnis\u00eb kulturore, ju q\u00eb jeni k\u00ebrc\u00ebnimi m\u00eb i madh i shoq\u00ebris\u00eb ton\u00eb, ju q\u00eb jeni shembulli m\u00eb i keq dhe k\u00ebrkon ta ktheni shqip\u00ebrin\u00eb n\u00eb koh\u00ebn kur luftonit me Amerik\u00ebn\u201d, u shpreh Rama.<\/p>\n<p>Ky ka q\u00ebn\u00eb edhe momenti kur Edmond Spaho i p\u00ebrmendi kartel\u00ebn.<\/p>\n<p><strong>Rama:<\/strong>\u00a0Profesor mos b\u00ebrtit! Kot nuk ta p\u00ebrmenda emrin se dua q\u00eb t\u00eb vish k\u00ebtu, nuk e prisja q\u00eb t\u00eb merrje famurin e luft\u00ebs me amerik\u00ebn. Degradimi juaj \u00ebsht\u00eb \u00ebsht\u00eb se budalliku \u00ebhst\u00eb s\u00ebmundje ngjit\u00ebse , \u00ebsht\u00eb vet\u00ebm c\u00ebshtje kohe budalliku juaj. Profesor pres q\u00eb t\u00eb vish t\u00eb b\u00ebsh replik\u00eb, \u00ebsht\u00eb s\u00ebmundje ngjit\u00ebse dhe \u00ebsht\u00eb kaq evidente dhe kur p\u00ebrplaseni me nj\u00ebri tjetrin jeni nj\u00ebsoj.<\/p>\n<p><strong>Spaho<\/strong>: Jeni me kartel\u00eb t\u00eb \u00e7mendurish!<\/p>\n<p><strong>Rama:<\/strong>\u00a0Edhe k\u00ebt\u00eb t\u00eb kartel\u00ebs e kam d\u00ebgjuar me koh\u00eb, p\u00ebrdorni t\u00eb nj\u00ebjta argumenta dhe t\u00eb nj\u00ebta fjal\u00eb thoni.<\/p>\n","protected":false},"excerpt":{"rendered":"<p>Deputeti i PD, Edmond Spaho i p\u00ebrmendi kartel\u00ebn n\u00eb spitalin 5 t\u00eb Edi Ram\u00ebs q\u00eb prej koh\u00ebs kur ishte student. Rama \u00ebsht\u00eb trajtuar n\u00eb k\u00ebt\u00eb spital nd\u00ebrsa Spaho u detyrua t\u2019ia p\u00ebrmendte pas nj\u00eb lum\u00eb fyerjesh q\u00eb Kryeministri drejtoi ndaj deputet\u00ebve t\u00eb PD. Debati nisi pasi deputetja Ina Zhupa denoncoi mbajtjen sekret t\u00eb marr\u00ebveshjes s\u00eb &hellip;<\/p>\n","protected":false},"author":4,"featured_media":0,"comment_status":"open","ping_status":"open","sticky":false,"template":"","format":"standard","meta":{"footnotes":""},"categories":[37],"tags":[],"class_list":["post-10629","post","type-post","status-publish","format-standard","","category-politike"],"_links":{"self":[{"href":"https:\/\/rdnews.al\/index.php\/wp-json\/wp\/v2\/posts\/10629","targetHints":{"allow":["GET"]}}],"collection":[{"href":"https:\/\/rdnews.al\/index.php\/wp-json\/wp\/v2\/posts"}],"about":[{"href":"https:\/\/rdnews.al\/index.php\/wp-json\/wp\/v2\/types\/post"}],"author":[{"embeddable":true,"href":"https:\/\/rdnews.al\/index.php\/wp-json\/wp\/v2\/users\/4"}],"replies":[{"embeddable":true,"href":"https:\/\/rdnews.al\/index.php\/wp-json\/wp\/v2\/comments?post=10629"}],"version-history":[{"count":0,"href":"https:\/\/rdnews.al\/index.php\/wp-json\/wp\/v2\/posts\/10629\/revisions"}],"wp:attachment":[{"href":"https:\/\/rdnews.al\/index.php\/wp-json\/wp\/v2\/media?parent=10629"}],"wp:term":[{"taxonomy":"category","embeddable":true,"href":"https:\/\/rdnews.al\/index.php\/wp-json\/wp\/v2\/categories?post=10629"},{"taxonomy":"post_tag","embeddable":true,"href":"https:\/\/rdnews.al\/index.php\/wp-json\/wp\/v2\/tags?post=10629"}],"curies":[{"name":"wp","href":"https:\/\/api.w.org\/{rel}","templated":true}]}}