{"id":106300,"date":"2025-03-03T11:11:55","date_gmt":"2025-03-03T11:11:55","guid":{"rendered":"https:\/\/rdnews.al\/?p=106300"},"modified":"2025-03-03T11:15:52","modified_gmt":"2025-03-03T11:15:52","slug":"berisha-ne-skap-gjeta-ish-xhelatin-e-sigurimit-arben-kraja-qe-po-merrte-nje-strajce-me-para-nga-benet-beci","status":"publish","type":"post","link":"https:\/\/rdnews.al\/index.php\/2025\/03\/03\/berisha-ne-skap-gjeta-ish-xhelatin-e-sigurimit-arben-kraja-qe-po-merrte-nje-strajce-me-para-nga-benet-beci\/","title":{"rendered":"Berisha: N\u00eb Skap gjeta ish-xhelatin e Sigurimit q\u00eb po merrte nj\u00eb strajc\u00eb me para nga Benet Beci"},"content":{"rendered":"<p>Kryetari i PD, Sali Berisha, pas daljes nga SPAK tha para gazetar\u00ebve se, brenda ka gjetur ish-xhelatin e Sigurimit t\u00eb Shtetit, Arben Kraja q\u00eb po merrte nj\u00eb strajc\u00eb me para nga kryebashkiaku i Shkodr\u00ebs, Benet Beci.<\/p>\n<p>&#8220;Aty gjeta ish-xhelatin e Sigurimit t\u00eb Shtetit, Arben Kraja, q\u00eb po merrte nj\u00eb strajc\u00eb me pare nga Benet Beci dhe po pinin nj\u00eb kafe shtruar.<\/p>\n<p>Gjeta kurban Etjenin e Fatmir Xhaf\u00ebs, kurban t\u00eb marr\u00ebveshjes Rama-Dumani. Sepse Etjeni e shkeli marr\u00ebveshjen sipas t\u00eb cil\u00ebs nuk mund t\u00eb sulmohet m\u00eb Skapi pa autorizimin e plot\u00eb t\u00eb Edi Ram\u00ebs&#8221;, tha Berisha.<\/p>\n<p>Benet Beci \u00ebsht\u00eb n\u00ebn hetim nga SPAK-u pas fakteve dhe provave t\u00eb gjetura gjat\u00eb hetimeve p\u00ebr Evis Berberin dhe tani fotografohet Benet Beci me Arben Kraj\u00ebn, i cili \u00ebsht\u00eb ish-drejtues i SPAK-ut dhe aktualisht prokuror n\u00eb SPAK, nd\u00ebrkoh\u00eb q\u00eb Benet Beci \u00ebsht\u00eb n\u00ebn akuz\u00eb.<\/p>\n","protected":false},"excerpt":{"rendered":"<p>Kryetari i PD, Sali Berisha, pas daljes nga SPAK tha para gazetar\u00ebve se, brenda ka gjetur ish-xhelatin e Sigurimit t\u00eb Shtetit, Arben Kraja q\u00eb po merrte nj\u00eb strajc\u00eb me para nga kryebashkiaku i Shkodr\u00ebs, Benet Beci. &#8220;Aty gjeta ish-xhelatin e Sigurimit t\u00eb Shtetit, Arben Kraja, q\u00eb po merrte nj\u00eb strajc\u00eb me pare nga Benet Beci &hellip;<\/p>\n","protected":false},"author":4,"featured_media":106303,"comment_status":"closed","ping_status":"closed","sticky":false,"template":"","format":"standard","meta":{"footnotes":""},"categories":[37],"tags":[],"class_list":["post-106300","post","type-post","status-publish","format-standard","has-post-thumbnail","","category-politike"],"_links":{"self":[{"href":"https:\/\/rdnews.al\/index.php\/wp-json\/wp\/v2\/posts\/106300","targetHints":{"allow":["GET"]}}],"collection":[{"href":"https:\/\/rdnews.al\/index.php\/wp-json\/wp\/v2\/posts"}],"about":[{"href":"https:\/\/rdnews.al\/index.php\/wp-json\/wp\/v2\/types\/post"}],"author":[{"embeddable":true,"href":"https:\/\/rdnews.al\/index.php\/wp-json\/wp\/v2\/users\/4"}],"replies":[{"embeddable":true,"href":"https:\/\/rdnews.al\/index.php\/wp-json\/wp\/v2\/comments?post=106300"}],"version-history":[{"count":2,"href":"https:\/\/rdnews.al\/index.php\/wp-json\/wp\/v2\/posts\/106300\/revisions"}],"predecessor-version":[{"id":106302,"href":"https:\/\/rdnews.al\/index.php\/wp-json\/wp\/v2\/posts\/106300\/revisions\/106302"}],"wp:featuredmedia":[{"embeddable":true,"href":"https:\/\/rdnews.al\/index.php\/wp-json\/wp\/v2\/media\/106303"}],"wp:attachment":[{"href":"https:\/\/rdnews.al\/index.php\/wp-json\/wp\/v2\/media?parent=106300"}],"wp:term":[{"taxonomy":"category","embeddable":true,"href":"https:\/\/rdnews.al\/index.php\/wp-json\/wp\/v2\/categories?post=106300"},{"taxonomy":"post_tag","embeddable":true,"href":"https:\/\/rdnews.al\/index.php\/wp-json\/wp\/v2\/tags?post=106300"}],"curies":[{"name":"wp","href":"https:\/\/api.w.org\/{rel}","templated":true}]}}