{"id":106388,"date":"2025-03-04T17:30:49","date_gmt":"2025-03-04T17:30:49","guid":{"rendered":"https:\/\/rdnews.al\/?p=106388"},"modified":"2025-03-04T17:30:49","modified_gmt":"2025-03-04T17:30:49","slug":"berisha-kur-i-thashe-rames-per-mesazhin-nuk-kisha-parasysh-vizen-por-dosjen-e-mcgonigal","status":"publish","type":"post","link":"https:\/\/rdnews.al\/index.php\/2025\/03\/04\/berisha-kur-i-thashe-rames-per-mesazhin-nuk-kisha-parasysh-vizen-por-dosjen-e-mcgonigal\/","title":{"rendered":"Berisha: Kur i thash\u00eb Ram\u00ebs p\u00ebr mesazhin, nuk kisha parasysh viz\u00ebn, por dosjen e McGonigal"},"content":{"rendered":"<p>Kryetari i PD, Sali Berisha ka komentuar edhe deklarat\u00ebn e tij t\u00eb pak dit\u00ebve me par\u00eb n\u00eb lidhje me kreun e qeveris\u00eb Rama, p\u00ebr sinjalet nga SHBA. Berisha tha se, un\u00eb n\u00ebp\u00ebrmjet \u00c7anit i k\u00ebrkova ta pyes\u00eb a ke marr\u00eb ndonj\u00eb mesazh, kisha parasysh rihapjen e dosjes s\u00eb McGonigalit.<\/p>\n<p><strong>\u201c<\/strong>Mori at\u00eb q\u00eb deshi ai, por mesazhi im ishte tjet\u00ebr ai.<\/p>\n<p>Kur i thash\u00eb a t\u00eb ka ardhur ndonj\u00eb mesazh, nuk kisha parasysh viz\u00ebn, kisha parasysh Charles McGonigalin.<\/p>\n<p>Nuk tha jo, \u00e7ka do t\u00eb thot\u00eb se nj\u00eb hosten e ka marr\u00eb at\u00eb. Se ai shkallmim publik i tij nuk ka shkak tjet\u00ebr.<\/p>\n<p>Sigurisht, sa t\u00eb jet\u00eb i pad\u00ebnuar, do t\u00eb udh\u00ebtoj\u00eb, por un\u00eb n\u00ebp\u00ebrmjet \u00c7anit, i k\u00ebrkova ta pyes\u00eb a ke marr\u00eb ndonj\u00eb mesazh, kisha parasysh rihapjen e dosjes s\u00eb McGonigalit. Por at\u00eb nuk e mohoi.<\/p>\n<p>E dinte ai q\u00eb un\u00eb p\u00ebr at\u00eb e kisha fjal\u00ebn. Ai nuk e mohoi\u201d, tha Berisha.<\/p>\n","protected":false},"excerpt":{"rendered":"<p>Kryetari i PD, Sali Berisha ka komentuar edhe deklarat\u00ebn e tij t\u00eb pak dit\u00ebve me par\u00eb n\u00eb lidhje me kreun e qeveris\u00eb Rama, p\u00ebr sinjalet nga SHBA. Berisha tha se, un\u00eb n\u00ebp\u00ebrmjet \u00c7anit i k\u00ebrkova ta pyes\u00eb a ke marr\u00eb ndonj\u00eb mesazh, kisha parasysh rihapjen e dosjes s\u00eb McGonigalit. \u201cMori at\u00eb q\u00eb deshi ai, por &hellip;<\/p>\n","protected":false},"author":4,"featured_media":106389,"comment_status":"closed","ping_status":"closed","sticky":false,"template":"","format":"standard","meta":{"footnotes":""},"categories":[37],"tags":[],"class_list":["post-106388","post","type-post","status-publish","format-standard","has-post-thumbnail","","category-politike"],"_links":{"self":[{"href":"https:\/\/rdnews.al\/index.php\/wp-json\/wp\/v2\/posts\/106388","targetHints":{"allow":["GET"]}}],"collection":[{"href":"https:\/\/rdnews.al\/index.php\/wp-json\/wp\/v2\/posts"}],"about":[{"href":"https:\/\/rdnews.al\/index.php\/wp-json\/wp\/v2\/types\/post"}],"author":[{"embeddable":true,"href":"https:\/\/rdnews.al\/index.php\/wp-json\/wp\/v2\/users\/4"}],"replies":[{"embeddable":true,"href":"https:\/\/rdnews.al\/index.php\/wp-json\/wp\/v2\/comments?post=106388"}],"version-history":[{"count":1,"href":"https:\/\/rdnews.al\/index.php\/wp-json\/wp\/v2\/posts\/106388\/revisions"}],"predecessor-version":[{"id":106390,"href":"https:\/\/rdnews.al\/index.php\/wp-json\/wp\/v2\/posts\/106388\/revisions\/106390"}],"wp:featuredmedia":[{"embeddable":true,"href":"https:\/\/rdnews.al\/index.php\/wp-json\/wp\/v2\/media\/106389"}],"wp:attachment":[{"href":"https:\/\/rdnews.al\/index.php\/wp-json\/wp\/v2\/media?parent=106388"}],"wp:term":[{"taxonomy":"category","embeddable":true,"href":"https:\/\/rdnews.al\/index.php\/wp-json\/wp\/v2\/categories?post=106388"},{"taxonomy":"post_tag","embeddable":true,"href":"https:\/\/rdnews.al\/index.php\/wp-json\/wp\/v2\/tags?post=106388"}],"curies":[{"name":"wp","href":"https:\/\/api.w.org\/{rel}","templated":true}]}}