{"id":106397,"date":"2025-03-04T17:53:02","date_gmt":"2025-03-04T17:53:02","guid":{"rendered":"https:\/\/rdnews.al\/?p=106397"},"modified":"2025-03-04T17:53:02","modified_gmt":"2025-03-04T17:53:02","slug":"berisha-takon-koordinatorin-per-marredheniet-me-jashte-te-forza-italia","status":"publish","type":"post","link":"https:\/\/rdnews.al\/index.php\/2025\/03\/04\/berisha-takon-koordinatorin-per-marredheniet-me-jashte-te-forza-italia\/","title":{"rendered":"Berisha takon Koordinatorin p\u00ebr Marr\u00ebdh\u00ebniet me Jasht\u00eb t\u00eb Forza Italia"},"content":{"rendered":"<p>Kryetari i Partis\u00eb Demokratike, Sali Berisha, s\u00ebbashku me kreun e PR, Fatmir Mediu, kan\u00eb takuar n\u00eb Milano, Koordinatorin p\u00ebr Marr\u00ebdh\u00ebniet me Jasht\u00eb t\u00eb Forza Italia, z. Ludovico Seppilli.<\/p>\n<p>Berisha shkruan se, gjat\u00eb takimit, e njoha Z. Seppilli me zhvillimet n\u00eb Shqip\u00ebri, narko-diktatur\u00ebn e par\u00eb dhe t\u00eb vetme n\u00eb Europ\u00eb, n\u00eb t\u00eb cil\u00ebn Edi Rama, me drejt\u00ebsin\u00eb e tij politike, ka burgosur dhe p\u00ebrndjekur lider\u00ebt e tre partive politike opozitare, ka marr\u00eb mandatet e p\u00ebrfaq\u00ebsuesve t\u00eb opozit\u00ebs dhe, me korrupsionin e tij, ka d\u00ebbuar n\u00eb 10 vite, 45% t\u00eb shqiptar\u00ebve nga Shqip\u00ebria.<\/p>\n<p><strong>Postimi\u00a0<\/strong><\/p>\n<p>Takim me Koordinatorin p\u00ebr Marr\u00ebdh\u00ebniet me Jasht\u00eb t\u00eb Forza Italia, z. Ludovico Seppilli<\/p>\n<p>T\u00eb dashur miq,<\/p>\n<p>N\u00eb Milano, s\u00eb bashku me kryetarin e Partis\u00eb Republikane, Z. Fatmir Mediu, takuam Koordinatorin p\u00ebr Marr\u00ebdh\u00ebniet me Jasht\u00eb t\u00eb Forza Italia, Z. Ludovico Seppilli. N\u00eb k\u00ebt\u00eb takim diskutuam gjer\u00ebsisht mbi marr\u00ebdh\u00ebniet tradicionale t\u00eb shk\u00eblqyera midis dy forcave tona politike, intensifikimin e k\u00ebtyre marr\u00ebdh\u00ebnieve, bashk\u00ebpunimin bilateral dhe at\u00eb n\u00eb kuadrin e EPP dhe IDU.<\/p>\n<p>Gjat\u00eb takimit, e njoha Z. Seppilli me zhvillimet n\u00eb Shqip\u00ebri, narko-diktatur\u00ebn e par\u00eb dhe t\u00eb vetme n\u00eb Europ\u00eb, n\u00eb t\u00eb cil\u00ebn Edi Rama, me drejt\u00ebsin\u00eb e tij politike, ka burgosur dhe p\u00ebrndjekur lider\u00ebt e tre partive politike opozitare, ka marr\u00eb mandatet e p\u00ebrfaq\u00ebsuesve t\u00eb opozit\u00ebs dhe, me korrupsionin e tij, ka d\u00ebbuar n\u00eb 10 vite, 45% t\u00eb shqiptar\u00ebve nga Shqip\u00ebria.<\/p>\n<p>Un\u00eb gjithashtu e sigurova Z. Seppilli se PD, me mb\u00ebshtetjen e miqve t\u00eb saj si Forza Italia dhe partit\u00eb simotra, do ta shp\u00ebtoj\u00eb vendin nga regjimi korruptiv i Edi Ram\u00ebs dhe do ta rikthej\u00eb Shqip\u00ebrin\u00eb n\u00eb rrug\u00ebn e shtetit ligjor dhe demokracis\u00eb. sb<\/p>\n","protected":false},"excerpt":{"rendered":"<p>Kryetari i Partis\u00eb Demokratike, Sali Berisha, s\u00ebbashku me kreun e PR, Fatmir Mediu, kan\u00eb takuar n\u00eb Milano, Koordinatorin p\u00ebr Marr\u00ebdh\u00ebniet me Jasht\u00eb t\u00eb Forza Italia, z. Ludovico Seppilli. Berisha shkruan se, gjat\u00eb takimit, e njoha Z. Seppilli me zhvillimet n\u00eb Shqip\u00ebri, narko-diktatur\u00ebn e par\u00eb dhe t\u00eb vetme n\u00eb Europ\u00eb, n\u00eb t\u00eb cil\u00ebn Edi Rama, me &hellip;<\/p>\n","protected":false},"author":4,"featured_media":106398,"comment_status":"closed","ping_status":"closed","sticky":false,"template":"","format":"standard","meta":{"footnotes":""},"categories":[37],"tags":[],"class_list":["post-106397","post","type-post","status-publish","format-standard","has-post-thumbnail","","category-politike"],"_links":{"self":[{"href":"https:\/\/rdnews.al\/index.php\/wp-json\/wp\/v2\/posts\/106397","targetHints":{"allow":["GET"]}}],"collection":[{"href":"https:\/\/rdnews.al\/index.php\/wp-json\/wp\/v2\/posts"}],"about":[{"href":"https:\/\/rdnews.al\/index.php\/wp-json\/wp\/v2\/types\/post"}],"author":[{"embeddable":true,"href":"https:\/\/rdnews.al\/index.php\/wp-json\/wp\/v2\/users\/4"}],"replies":[{"embeddable":true,"href":"https:\/\/rdnews.al\/index.php\/wp-json\/wp\/v2\/comments?post=106397"}],"version-history":[{"count":1,"href":"https:\/\/rdnews.al\/index.php\/wp-json\/wp\/v2\/posts\/106397\/revisions"}],"predecessor-version":[{"id":106399,"href":"https:\/\/rdnews.al\/index.php\/wp-json\/wp\/v2\/posts\/106397\/revisions\/106399"}],"wp:featuredmedia":[{"embeddable":true,"href":"https:\/\/rdnews.al\/index.php\/wp-json\/wp\/v2\/media\/106398"}],"wp:attachment":[{"href":"https:\/\/rdnews.al\/index.php\/wp-json\/wp\/v2\/media?parent=106397"}],"wp:term":[{"taxonomy":"category","embeddable":true,"href":"https:\/\/rdnews.al\/index.php\/wp-json\/wp\/v2\/categories?post=106397"},{"taxonomy":"post_tag","embeddable":true,"href":"https:\/\/rdnews.al\/index.php\/wp-json\/wp\/v2\/tags?post=106397"}],"curies":[{"name":"wp","href":"https:\/\/api.w.org\/{rel}","templated":true}]}}