{"id":106406,"date":"2025-03-04T18:52:18","date_gmt":"2025-03-04T18:52:18","guid":{"rendered":"https:\/\/rdnews.al\/?p=106406"},"modified":"2025-03-04T18:52:18","modified_gmt":"2025-03-04T18:52:18","slug":"rama-frike-nga-vota-e-diaspores-ps-nuk-pranon-shtyrjen-e-afatit-te-regjistrimit-se-emigranteve","status":"publish","type":"post","link":"https:\/\/rdnews.al\/index.php\/2025\/03\/04\/rama-frike-nga-vota-e-diaspores-ps-nuk-pranon-shtyrjen-e-afatit-te-regjistrimit-se-emigranteve\/","title":{"rendered":"Rama frik\u00eb nga vota e Diaspor\u00ebs, PS nuk pranon shtyrjen e afatit t\u00eb regjistrimit s\u00eb emigrant\u00ebve"},"content":{"rendered":"<p>Partia Socialiste ka dal\u00eb qart\u00ebsisht kund\u00ebr shtyrjes s\u00eb afatit t\u00eb regjistrimit p\u00ebr diaspor\u00ebn. N\u00eb mbledhjen e Komisionit Rregullator n\u00eb KQZ p\u00ebrfaq\u00ebsuesit e mazhoranc\u00ebs socialiste shpreh\u00ebn vot\u00ebn e tyre kund\u00ebr, duke mos pranuar k\u00ebrkes\u00ebn e Partis\u00eb Demokratike, p\u00ebr shtyrjen e afatit t\u00eb regjistrimeve n\u00eb platform\u00ebn PER me 5 dit\u00eb,\u00a0nd\u00ebrsa p\u00ebrfa\u00ebsuesit e opozit\u00ebs teksa iu referuan k\u00ebrkesave t\u00eb larta nga ana e emigrant\u00ebve p\u00ebr tu regjistruar n\u00eb dit\u00ebt e fundit, denoncuan diskriminmin q\u00eb po Iu b\u00ebhet atyre nga mazhoranca socialiste.<\/p>\n<p>Partia Socialiste ka dal\u00eb qart\u00ebsisht\u00a0kund\u00ebr shtyrjes s\u00eb afatit t\u00eb regjistrimit p\u00ebr qytetar\u00ebt shqiptar\u00eb q\u00eb jetojn\u00eb jasht\u00eb vendit. N\u00eb mbledhjen e Komisionit Rregullator n\u00eb KQZ, p\u00ebrfaq\u00ebsuesit e mazhoranc\u00ebs socialiste shpreh\u00ebn vot\u00ebn e tyre kund\u00ebr, duke mos pranuar k\u00ebrkes\u00ebn e Partis\u00eb Demokratike, p\u00ebr shtyrjen e afatit t\u00eb regjistrimeve n\u00eb platform\u00ebn PER me 5 dit\u00eb, duke iu hequr t\u00eb drejt\u00ebn kushtetuese mij\u00ebra qytetar\u00ebve shqiptar\u00eb q\u00eb jetojn\u00eb n\u00eb diaspor\u00eb.<\/p>\n<p>Nd\u00ebrsa n\u00eb arsyetimin e tryre, p\u00ebrfaq\u00ebsuesit e opozit\u00ebs, Helga Vukaj dhe Muharrem Cakaj, teksa iu referuan k\u00ebrkesave t\u00eb larta nga ana e emigrant\u00ebve p\u00ebr tu regjistruar n\u00eb dit\u00ebt e fundit, denoncuan diskriminmin q\u00eb po Iu b\u00ebhet atyre nga mazhoranca socialiste.<\/p>\n<p>Edhe m\u00eb her\u00ebt mazhoranca socialiste ka nd\u00ebrmarr veprime kund\u00ebr regjistrimit t\u00eb emigrant\u00ebve, duke mos lejuar ata q\u00eb kan\u00eb paspaorta apo karta biometrike t\u00eb SHBA apo t\u00eb vendeve t\u00eb BE-s\u00eb.<\/p>\n","protected":false},"excerpt":{"rendered":"<p>Partia Socialiste ka dal\u00eb qart\u00ebsisht kund\u00ebr shtyrjes s\u00eb afatit t\u00eb regjistrimit p\u00ebr diaspor\u00ebn. N\u00eb mbledhjen e Komisionit Rregullator n\u00eb KQZ p\u00ebrfaq\u00ebsuesit e mazhoranc\u00ebs socialiste shpreh\u00ebn vot\u00ebn e tyre kund\u00ebr, duke mos pranuar k\u00ebrkes\u00ebn e Partis\u00eb Demokratike, p\u00ebr shtyrjen e afatit t\u00eb regjistrimeve n\u00eb platform\u00ebn PER me 5 dit\u00eb,\u00a0nd\u00ebrsa p\u00ebrfa\u00ebsuesit e opozit\u00ebs teksa iu referuan k\u00ebrkesave &hellip;<\/p>\n","protected":false},"author":4,"featured_media":105726,"comment_status":"closed","ping_status":"closed","sticky":false,"template":"","format":"standard","meta":{"footnotes":""},"categories":[37],"tags":[],"class_list":["post-106406","post","type-post","status-publish","format-standard","has-post-thumbnail","","category-politike"],"_links":{"self":[{"href":"https:\/\/rdnews.al\/index.php\/wp-json\/wp\/v2\/posts\/106406","targetHints":{"allow":["GET"]}}],"collection":[{"href":"https:\/\/rdnews.al\/index.php\/wp-json\/wp\/v2\/posts"}],"about":[{"href":"https:\/\/rdnews.al\/index.php\/wp-json\/wp\/v2\/types\/post"}],"author":[{"embeddable":true,"href":"https:\/\/rdnews.al\/index.php\/wp-json\/wp\/v2\/users\/4"}],"replies":[{"embeddable":true,"href":"https:\/\/rdnews.al\/index.php\/wp-json\/wp\/v2\/comments?post=106406"}],"version-history":[{"count":1,"href":"https:\/\/rdnews.al\/index.php\/wp-json\/wp\/v2\/posts\/106406\/revisions"}],"predecessor-version":[{"id":106407,"href":"https:\/\/rdnews.al\/index.php\/wp-json\/wp\/v2\/posts\/106406\/revisions\/106407"}],"wp:featuredmedia":[{"embeddable":true,"href":"https:\/\/rdnews.al\/index.php\/wp-json\/wp\/v2\/media\/105726"}],"wp:attachment":[{"href":"https:\/\/rdnews.al\/index.php\/wp-json\/wp\/v2\/media?parent=106406"}],"wp:term":[{"taxonomy":"category","embeddable":true,"href":"https:\/\/rdnews.al\/index.php\/wp-json\/wp\/v2\/categories?post=106406"},{"taxonomy":"post_tag","embeddable":true,"href":"https:\/\/rdnews.al\/index.php\/wp-json\/wp\/v2\/tags?post=106406"}],"curies":[{"name":"wp","href":"https:\/\/api.w.org\/{rel}","templated":true}]}}