{"id":106411,"date":"2025-03-04T19:42:30","date_gmt":"2025-03-04T19:42:30","guid":{"rendered":"https:\/\/rdnews.al\/?p=106411"},"modified":"2025-03-04T19:42:44","modified_gmt":"2025-03-04T19:42:44","slug":"bylykbashi-vota-e-diaspores-ka-bere-qe-patronazhistet-te-humbasin-kontrollin-e-situates","status":"publish","type":"post","link":"https:\/\/rdnews.al\/index.php\/2025\/03\/04\/bylykbashi-vota-e-diaspores-ka-bere-qe-patronazhistet-te-humbasin-kontrollin-e-situates\/","title":{"rendered":"Bylykbashi: Vota e Diaspor\u00ebs ka b\u00ebr\u00eb q\u00eb patronazhist\u00ebt t\u00eb humbasin kontrollin e situat\u00ebs"},"content":{"rendered":"<p>N\u00ebnkryetari i PD, Oerd Bylykbashi e cil\u00ebsoi pjes\u00ebmarrjen e Diaspor\u00ebs n\u00eb zgjedhjet e dat\u00ebs 11 maj, si p\u00ebrmbushjen e nj\u00eb reform\u00eb gjigande. Bylykbashi, i ftuar n\u00eb \u201cTask Forc\u00eb\u201d theksoi se, numri i lart\u00eb i t\u00eb regjistruarve nga Diaspora ka b\u00ebr\u00eb q\u00eb patronazhist\u00ebt e PS t\u00eb humbasin kontrollin e situat\u00ebs pasi nuk kishin pritshm\u00ebri p\u00ebr nj\u00eb pjes\u00ebmarrje kaq t\u00eb lart\u00eb nga emigrant\u00ebt jasht\u00eb kufijve t\u00eb Shqip\u00ebris\u00eb.<\/p>\n<p>\u201cNe jemi p\u00ebrpara nj\u00eb reforme t\u00eb jasht\u00ebzakonshme q\u00eb ka ndodhur n\u00eb procesin zgjedhor n\u00eb Shqip\u00ebri. Deri n\u00eb k\u00ebt\u00eb faz\u00eb, kemi b\u00ebr\u00eb realitet t\u00eb drejt\u00ebn e vot\u00ebs jasht\u00eb Shqip\u00ebris\u00eb, \u00ebsht\u00eb m\u00eb shum\u00eb se sa vota e diaspor\u00ebs. Kemi b\u00ebr\u00eb realitet nj\u00eb reform\u00eb gjigande.<\/p>\n<p>Gjithmon\u00eb kemi folur n\u00eb pjes\u00ebmarrjen e zgjedhjeve n\u00ebn 50 % q\u00eb s\u00b4ishte reflektuar vota e emigrant\u00ebve, ajo q\u00eb ne besojm\u00eb \u00ebsht\u00eb q\u00eb kjo q\u00eb ka ndodhur nga 11 janari e deri m\u00eb sot, sipas KQZ \u00ebsht\u00eb jasht\u00eb p\u00ebrtej \u00e7do parashikimi t\u00eb PS. Ajo llogariste num\u00ebr m\u00eb t\u00eb vog\u00ebl dhe i ka dal\u00eb jasht\u00eb kontrollit t\u00eb sistemit t\u00eb patronazhimit, pasi kishte llogaritur m\u00eb pak.<\/p>\n<p>Me ritmin e aplikimeve q\u00eb po b\u00ebhen dhe t\u00eb pranimeve, q\u00eb jan\u00eb ende n\u00eb shqyrtim, rreth 15 mij\u00eb, do e \u00e7oj\u00eb n\u00eb 250 mij\u00eb me t\u00eb drejt\u00eb. Jemi p\u00ebrpara shp\u00ebrthimit t\u00eb skem\u00ebs s\u00eb patronazhimit t\u00eb PS, pasi \u00ebsht\u00eb shif\u00ebr shum\u00eb e madhe. P\u00ebr \u00e7do qark, kemi nj\u00eb shif\u00ebr q\u00eb ndikon n\u00eb 2 mandate p\u00ebr \u00e7do qark. Kan\u00eb nj\u00eb element paparashikueshm\u00ebrie n\u00eb k\u00ebto zgjedhje, p\u00ebr t\u00b4i b\u00ebr\u00eb intriguese p\u00ebr zgjedh\u00ebsit.<\/p>\n<p>Ajo q\u00eb e shohim me insistim nga PS, refuzimi. U desh koh\u00eb p\u00ebr t\u00eb arritur dakord\u00ebsi p\u00ebr rregullat. PS k\u00ebrkonte q\u00eb t\u00eb drejt\u00ebn e regjistrimit ta kishin vet\u00ebm ata q\u00eb kishin dokumente t\u00eb vlefshme, por sa koh\u00eb ligji e pengonte q\u00eb ato me dokumente t\u00eb skaduar t\u00eb votojn\u00eb, at\u00ebher\u00eb u ra dakord q\u00eb t\u00eb regjistrohej e t\u00eb mos votonin. Kjo ishte fitore e par\u00eb p\u00ebr ne.<\/p>\n<p>Rasti i Himar\u00ebs ishte i fresk\u00ebt ver\u00ebs q\u00eb shkoi. M\u00eb 2021-2023 ishte detyruar ta shtynte afatin e dokumenteve t\u00eb skaduar, pse k\u00ebt\u00eb radh\u00eb jo. PS duke ditur praktik\u00ebn e shkuar nuk nd\u00ebrmori hapa p\u00ebr ta ndryshuar k\u00ebt\u00eb praktik\u00eb, nuk donte q\u00eb ata t\u00eb regjistroheshin e t\u00eb votonin.<\/p>\n<p>Nr.personave q\u00eb kishin dokumente t\u00eb skaduar dhe q\u00eb mund t\u00eb regjistroheshin, \u00ebsht\u00eb i ul\u00ebt. PS e kupton shum\u00eb mir\u00eb q\u00eb t\u00eb regjistrosh e t\u00eb mos votosh \u00ebsht\u00eb e ul\u00ebt. Miratimi i akteve normative me shum\u00eb vones\u00eb, ka ndikur.<\/p>\n<p>Ne mund t\u00eb tejkalojm\u00eb trendin n\u00eb 270 mij\u00eb. Ka ndodhur q\u00eb PS p\u00ebrs\u00ebri e rr\u00ebzoi, ndryshimin p\u00ebr votimin e emigrant\u00ebve me dokumente t\u00eb shteteve t\u00eb tjera, e refuzuan pasi s\u00b4i kishin futur te tabela e patronazhist\u00ebve\u201d, tha Bylykbashi.<\/p>\n","protected":false},"excerpt":{"rendered":"<p>N\u00ebnkryetari i PD, Oerd Bylykbashi e cil\u00ebsoi pjes\u00ebmarrjen e Diaspor\u00ebs n\u00eb zgjedhjet e dat\u00ebs 11 maj, si p\u00ebrmbushjen e nj\u00eb reform\u00eb gjigande. Bylykbashi, i ftuar n\u00eb \u201cTask Forc\u00eb\u201d theksoi se, numri i lart\u00eb i t\u00eb regjistruarve nga Diaspora ka b\u00ebr\u00eb q\u00eb patronazhist\u00ebt e PS t\u00eb humbasin kontrollin e situat\u00ebs pasi nuk kishin pritshm\u00ebri p\u00ebr nj\u00eb &hellip;<\/p>\n","protected":false},"author":4,"featured_media":53720,"comment_status":"closed","ping_status":"closed","sticky":false,"template":"","format":"standard","meta":{"footnotes":""},"categories":[37],"tags":[],"class_list":["post-106411","post","type-post","status-publish","format-standard","has-post-thumbnail","","category-politike"],"_links":{"self":[{"href":"https:\/\/rdnews.al\/index.php\/wp-json\/wp\/v2\/posts\/106411","targetHints":{"allow":["GET"]}}],"collection":[{"href":"https:\/\/rdnews.al\/index.php\/wp-json\/wp\/v2\/posts"}],"about":[{"href":"https:\/\/rdnews.al\/index.php\/wp-json\/wp\/v2\/types\/post"}],"author":[{"embeddable":true,"href":"https:\/\/rdnews.al\/index.php\/wp-json\/wp\/v2\/users\/4"}],"replies":[{"embeddable":true,"href":"https:\/\/rdnews.al\/index.php\/wp-json\/wp\/v2\/comments?post=106411"}],"version-history":[{"count":1,"href":"https:\/\/rdnews.al\/index.php\/wp-json\/wp\/v2\/posts\/106411\/revisions"}],"predecessor-version":[{"id":106412,"href":"https:\/\/rdnews.al\/index.php\/wp-json\/wp\/v2\/posts\/106411\/revisions\/106412"}],"wp:featuredmedia":[{"embeddable":true,"href":"https:\/\/rdnews.al\/index.php\/wp-json\/wp\/v2\/media\/53720"}],"wp:attachment":[{"href":"https:\/\/rdnews.al\/index.php\/wp-json\/wp\/v2\/media?parent=106411"}],"wp:term":[{"taxonomy":"category","embeddable":true,"href":"https:\/\/rdnews.al\/index.php\/wp-json\/wp\/v2\/categories?post=106411"},{"taxonomy":"post_tag","embeddable":true,"href":"https:\/\/rdnews.al\/index.php\/wp-json\/wp\/v2\/tags?post=106411"}],"curies":[{"name":"wp","href":"https:\/\/api.w.org\/{rel}","templated":true}]}}