{"id":106418,"date":"2025-03-04T21:01:35","date_gmt":"2025-03-04T21:01:35","guid":{"rendered":"https:\/\/rdnews.al\/?p=106418"},"modified":"2025-03-04T21:02:01","modified_gmt":"2025-03-04T21:02:01","slug":"zelensky-shton-dozat-e-pendimit-i-jemi-mirenjohes-presidentt-trump","status":"publish","type":"post","link":"https:\/\/rdnews.al\/index.php\/2025\/03\/04\/zelensky-shton-dozat-e-pendimit-i-jemi-mirenjohes-presidentt-trump\/","title":{"rendered":"Zelensky shton dozat e pendimit: I jemi mir\u00ebnjoh\u00ebs Presidentit Trump&#8230;"},"content":{"rendered":"<p>Presidenti ukrainas Volodymyr Zelensky tha n\u00eb nj\u00eb deklarat\u00eb t\u00eb mart\u00ebn se takimi i tij n\u00eb Zyr\u00ebn Ovale jav\u00ebn e kaluar me Presidentin e SHBA Donald Trump \u201cnuk shkoi ashtu si\u00e7 duhej\u201d, duke e p\u00ebrshkruar at\u00eb si p\u00ebr t\u00eb ardhur keq dhe duke v\u00ebn\u00eb n\u00eb dukje se Ukraina \u00ebsht\u00eb e gatshme t\u00eb negocioj\u00eb.<\/p>\n<p>\u201cUn\u00eb do t\u00eb doja t\u00eb p\u00ebrs\u00ebris angazhimin e Ukrain\u00ebs p\u00ebr paqen,\u201d tha Zelensky n\u00eb X. \u201cAskush prej nesh nuk d\u00ebshiron nj\u00eb luft\u00eb t\u00eb pafund. Ukraina \u00ebsht\u00eb e gatshme t\u00eb vij\u00eb n\u00eb tryez\u00ebn e bisedimeve sa m\u00eb shpejt q\u00eb t\u00eb jet\u00eb e mundur p\u00ebr t\u00eb afruar paqen e q\u00ebndrueshme. Askush nuk d\u00ebshiron paqe m\u00eb shum\u00eb se ukrainasit. Ekipi im dhe un\u00eb jemi gati t\u00eb punojm\u00eb n\u00ebn udh\u00ebheqjen e fort\u00eb t\u00eb Presidentit Trump p\u00ebr t\u00eb arritur nj\u00eb paqe q\u00eb zgjat.\u201d<\/p>\n<p>\u201cTakimi yn\u00eb n\u00eb Uashington, n\u00eb Sht\u00ebpin\u00eb e Bardh\u00eb t\u00eb premten, nuk shkoi ashtu si\u00e7 duhej t\u00eb ishte. \u00cbsht\u00eb p\u00ebr t\u00eb ardhur keq q\u00eb ndodhi n\u00eb k\u00ebt\u00eb m\u00ebnyr\u00eb. \u00cbsht\u00eb koha p\u00ebr t\u00eb rregulluar gj\u00ebrat. Ne d\u00ebshirojm\u00eb q\u00eb bashk\u00ebpunimi dhe komunikimi i ardhsh\u00ebm t\u00eb jet\u00eb konstruktiv\u201d, tha Zelensky.<\/p>\n<p>Udh\u00ebheq\u00ebsi ukrainas tha gjithashtu se Ukraina \u00ebsht\u00eb e gatshme t\u00eb n\u00ebnshkruaj\u00eb nj\u00eb marr\u00ebveshje p\u00ebr mineralet e Ukrain\u00ebs, e cila duhej t\u00eb n\u00ebnshkruhej t\u00eb premten derisa takimi katastrofik i Zyr\u00ebs Ovale \u00e7oi q\u00eb Zelenskit t\u2019i thoshte t\u00eb largohej nga Sht\u00ebpia e Bardh\u00eb.<\/p>\n<p>Kuadri q\u00eb vendosi Zelensky p\u00ebr nj\u00eb marr\u00ebveshje paqeje \u00ebsht\u00eb i ngjash\u00ebm me planin e propozuar nga presidenti francez Emmanuel Macron n\u00eb samitin e lider\u00ebve per\u00ebndimor\u00eb t\u00eb s\u00eb diel\u00ebs.<\/p>\n<p>\u201cNe v\u00ebrtet vler\u00ebsojm\u00eb se sa shum\u00eb ka b\u00ebr\u00eb Amerika p\u00ebr t\u00eb ndihmuar Ukrain\u00ebn t\u00eb ruaj\u00eb sovranitetin dhe pavar\u00ebsin\u00eb e saj. Dhe ne kujtojm\u00eb momentin kur gj\u00ebrat ndryshuan kur Presidenti Trump i dha Ukrain\u00ebs raketat &#8220;Javelins&#8221; n\u00eb 2017.. Ne jemi mir\u00ebnjoh\u00ebs p\u00ebr k\u00ebt\u00eb.\u201d<\/p>\n","protected":false},"excerpt":{"rendered":"<p>Presidenti ukrainas Volodymyr Zelensky tha n\u00eb nj\u00eb deklarat\u00eb t\u00eb mart\u00ebn se takimi i tij n\u00eb Zyr\u00ebn Ovale jav\u00ebn e kaluar me Presidentin e SHBA Donald Trump \u201cnuk shkoi ashtu si\u00e7 duhej\u201d, duke e p\u00ebrshkruar at\u00eb si p\u00ebr t\u00eb ardhur keq dhe duke v\u00ebn\u00eb n\u00eb dukje se Ukraina \u00ebsht\u00eb e gatshme t\u00eb negocioj\u00eb. \u201cUn\u00eb do t\u00eb &hellip;<\/p>\n","protected":false},"author":3,"featured_media":106419,"comment_status":"closed","ping_status":"closed","sticky":false,"template":"","format":"standard","meta":{"footnotes":""},"categories":[38],"tags":[],"class_list":["post-106418","post","type-post","status-publish","format-standard","has-post-thumbnail","","category-bota"],"_links":{"self":[{"href":"https:\/\/rdnews.al\/index.php\/wp-json\/wp\/v2\/posts\/106418","targetHints":{"allow":["GET"]}}],"collection":[{"href":"https:\/\/rdnews.al\/index.php\/wp-json\/wp\/v2\/posts"}],"about":[{"href":"https:\/\/rdnews.al\/index.php\/wp-json\/wp\/v2\/types\/post"}],"author":[{"embeddable":true,"href":"https:\/\/rdnews.al\/index.php\/wp-json\/wp\/v2\/users\/3"}],"replies":[{"embeddable":true,"href":"https:\/\/rdnews.al\/index.php\/wp-json\/wp\/v2\/comments?post=106418"}],"version-history":[{"count":3,"href":"https:\/\/rdnews.al\/index.php\/wp-json\/wp\/v2\/posts\/106418\/revisions"}],"predecessor-version":[{"id":106422,"href":"https:\/\/rdnews.al\/index.php\/wp-json\/wp\/v2\/posts\/106418\/revisions\/106422"}],"wp:featuredmedia":[{"embeddable":true,"href":"https:\/\/rdnews.al\/index.php\/wp-json\/wp\/v2\/media\/106419"}],"wp:attachment":[{"href":"https:\/\/rdnews.al\/index.php\/wp-json\/wp\/v2\/media?parent=106418"}],"wp:term":[{"taxonomy":"category","embeddable":true,"href":"https:\/\/rdnews.al\/index.php\/wp-json\/wp\/v2\/categories?post=106418"},{"taxonomy":"post_tag","embeddable":true,"href":"https:\/\/rdnews.al\/index.php\/wp-json\/wp\/v2\/tags?post=106418"}],"curies":[{"name":"wp","href":"https:\/\/api.w.org\/{rel}","templated":true}]}}