{"id":106423,"date":"2025-03-04T21:08:27","date_gmt":"2025-03-04T21:08:27","guid":{"rendered":"https:\/\/rdnews.al\/?p=106423"},"modified":"2025-03-04T21:26:16","modified_gmt":"2025-03-04T21:26:16","slug":"gjyqtari-i-kushtetueses-qe-u-pergjua-nga-spak-per-dyshimet-e-favorizmit-te-kriminelit-gjoka","status":"publish","type":"post","link":"https:\/\/rdnews.al\/index.php\/2025\/03\/04\/gjyqtari-i-kushtetueses-qe-u-pergjua-nga-spak-per-dyshimet-e-favorizmit-te-kriminelit-gjoka\/","title":{"rendered":"Gjyqtari i Kushtetueses q\u00eb u p\u00ebrgjua nga SPAK dhe dyshimet ndaj tij"},"content":{"rendered":"<p>Nj\u00eb dokument i rrjedhur n\u00eb media sugjeron se Prokuroria e Posa\u00e7me Kund\u00ebr Krimit t\u00eb Organizuar dhe Korrupsionit nd\u00ebrmori nj\u00eb seri veprimesh hetimore \u2013 p\u00ebrfshir\u00eb p\u00ebrgjimin ambiental ndaj nj\u00eb an\u00ebtari t\u00eb Gjykat\u00ebs Kushtetuese, si pjes\u00eb e nj\u00eb procedimi p\u00ebr korrupsion pasiv.<\/p>\n<p>Sipas dokumentit, SPAK urdh\u00ebroi t\u00eb kryhej midis datave 10 shkurt dhe 25 shkurt p\u00ebrgjimi n\u00eb vende publike i an\u00ebtarit t\u00eb Gjykat\u00ebs Kushtetuese, Gent Ibrahimi, pasi kishte informacione se persona t\u00eb interesuar kishin ndikuar te ai p\u00ebr m\u00ebnyr\u00ebn e formulimit t\u00eb arsyetimit t\u00eb vendimit t\u00eb Gjykat\u00ebs Kushtetuese ndaj nj\u00eb ankimi t\u00eb biznesmenit P\u00ebllumb Gjoka.<\/p>\n<p>Sipas dokumentit t\u00eb rrjedhur n\u00eb media, arsyetimi n\u00eb favor t\u00eb Gjok\u00ebs nga Gjykata Kushtetuese do t\u00eb p\u00ebrdorej edhe n\u00eb mjaft gjykime t\u00eb tjera t\u00eb ngjashme, t\u00eb bazuara n\u00eb t\u00eb dh\u00ebnat e marra nga aplikacioni Sky ECC, pasi vendimmarrja e Gjykat\u00ebs Kushtetuese \u00ebsht\u00eb praktik\u00eb e detyrueshme p\u00ebr institucionet e tjera t\u00eb drejt\u00ebsis\u00eb.<\/p>\n<p>SPAK nuk komentoi lidhur me v\u00ebrtet\u00ebsin\u00eb e kopjes s\u00eb aktit t\u00eb publikuar, si dhe as nuk b\u00ebri me dije n\u00ebse ka hetim p\u00ebr rrjedhjen n\u00eb media t\u00eb k\u00ebtij dokumenti.<\/p>\n<p>\u201cP\u00ebr momentin nuk kemi koment\u201d, tha SPAK p\u00ebrmes koordinatores p\u00ebr marr\u00ebdh\u00ebniet me mediat.<\/p>\n<p>Gjyqtari Gent Ibrahimi nuk ishte i arritsh\u00ebm p\u00ebr koment n\u00ebp\u00ebrmjet telefonit. Nd\u00ebrkoh\u00eb, n\u00ebp\u00ebrmjet nj\u00eb njoftimi p\u00ebr shtyp, Gjykata Kushtetuese mohoi se vendimet e saj mund t\u00eb ndikoheshin n\u00eb m\u00ebnyr\u00eb t\u00eb paligjshme.<\/p>\n<p>\u201cNisur nga debati mediatik i dit\u00ebve t\u00eb fundit p\u00ebr v\u00ebnien n\u00ebn p\u00ebrgjim nga Prokuroria e Posa\u00e7me t\u00eb nj\u00eb gjyqtari kushtetues, q\u00eb lidhet me ushtrimin e veprimtaris\u00eb s\u00eb tij, konsiderojm\u00eb me r\u00ebnd\u00ebsi t\u00eb sqarojm\u00eb opinionin publik se, n\u00eb ushtrimin e misionit kushtetues p\u00ebr garantimin e ep\u00ebrsis\u00eb s\u00eb Kushtetut\u00ebs, ajo udh\u00ebhiqet nga parimet e kolegjialitetit, pavar\u00ebsis\u00eb dhe paan\u00ebsis\u00eb, t\u00eb sanksionuara n\u00eb ligjin themelor,\u201d tha Gjykata Kushtetuese.<\/p>\n<p>Biznesmeni P\u00ebllumb Gjoka, i shpallur nga qeveria \u2018Rama\u2019 si investitor strategjik, u arrestua n\u00eb korrik t\u00eb vitit 2023 si pjes\u00eb e nj\u00eb organizate kriminale, pasi iu gjet\u00ebn komunikime n\u00eb aplikacionin Sky ECC q\u00eb e lidhin me nj\u00eb s\u00ebr\u00eb veprash penale t\u00eb r\u00ebnda, p\u00ebrfshir\u00eb vrasje.<\/p>\n<p>Komunikimet e kapura nga autoritetet franceze n\u00eb aplikacionin Sky ECC kan\u00eb sh\u00ebrbyer si baz\u00eb e nj\u00eb s\u00ebr\u00eb hetimesh ndaj krimit t\u00eb organizuar, politikan\u00ebve dhe zyrtar\u00ebve t\u00eb lart\u00eb t\u00eb drejt\u00ebsis\u00eb.<\/p>\n<p>Gjoka e ankimoi vendimin q\u00eb e mban n\u00eb burg n\u00eb t\u00eb tria shkall\u00ebt e gjykimit, duke kund\u00ebrshtuar si t\u00eb paligjsh\u00ebm ndalimin e tij n\u00eb baz\u00eb t\u00eb provave t\u00eb marra nga Sky ECC, por pa rezultat.<\/p>\n<p>N\u00eb vijim paraqiti k\u00ebrkes\u00eb n\u00eb Gjykat\u00ebn Kushtetuese p\u00ebr shpalljen t\u00eb pap\u00ebrdorshme t\u00eb komunikimeve Sky ECC, por me nj\u00eb vendim unanim t\u00eb dat\u00ebs 30 dhjetor, Gjykata Kushtetuese e rr\u00ebzoi k\u00ebrkes\u00ebn.\/ Birn<\/p>\n","protected":false},"excerpt":{"rendered":"<p>Nj\u00eb dokument i rrjedhur n\u00eb media sugjeron se Prokuroria e Posa\u00e7me Kund\u00ebr Krimit t\u00eb Organizuar dhe Korrupsionit nd\u00ebrmori nj\u00eb seri veprimesh hetimore \u2013 p\u00ebrfshir\u00eb p\u00ebrgjimin ambiental ndaj nj\u00eb an\u00ebtari t\u00eb Gjykat\u00ebs Kushtetuese, si pjes\u00eb e nj\u00eb procedimi p\u00ebr korrupsion pasiv. Sipas dokumentit, SPAK urdh\u00ebroi t\u00eb kryhej midis datave 10 shkurt dhe 25 shkurt p\u00ebrgjimi n\u00eb &hellip;<\/p>\n","protected":false},"author":3,"featured_media":106424,"comment_status":"closed","ping_status":"closed","sticky":false,"template":"","format":"standard","meta":{"footnotes":""},"categories":[37],"tags":[],"class_list":["post-106423","post","type-post","status-publish","format-standard","has-post-thumbnail","","category-politike"],"_links":{"self":[{"href":"https:\/\/rdnews.al\/index.php\/wp-json\/wp\/v2\/posts\/106423","targetHints":{"allow":["GET"]}}],"collection":[{"href":"https:\/\/rdnews.al\/index.php\/wp-json\/wp\/v2\/posts"}],"about":[{"href":"https:\/\/rdnews.al\/index.php\/wp-json\/wp\/v2\/types\/post"}],"author":[{"embeddable":true,"href":"https:\/\/rdnews.al\/index.php\/wp-json\/wp\/v2\/users\/3"}],"replies":[{"embeddable":true,"href":"https:\/\/rdnews.al\/index.php\/wp-json\/wp\/v2\/comments?post=106423"}],"version-history":[{"count":3,"href":"https:\/\/rdnews.al\/index.php\/wp-json\/wp\/v2\/posts\/106423\/revisions"}],"predecessor-version":[{"id":106427,"href":"https:\/\/rdnews.al\/index.php\/wp-json\/wp\/v2\/posts\/106423\/revisions\/106427"}],"wp:featuredmedia":[{"embeddable":true,"href":"https:\/\/rdnews.al\/index.php\/wp-json\/wp\/v2\/media\/106424"}],"wp:attachment":[{"href":"https:\/\/rdnews.al\/index.php\/wp-json\/wp\/v2\/media?parent=106423"}],"wp:term":[{"taxonomy":"category","embeddable":true,"href":"https:\/\/rdnews.al\/index.php\/wp-json\/wp\/v2\/categories?post=106423"},{"taxonomy":"post_tag","embeddable":true,"href":"https:\/\/rdnews.al\/index.php\/wp-json\/wp\/v2\/tags?post=106423"}],"curies":[{"name":"wp","href":"https:\/\/api.w.org\/{rel}","templated":true}]}}