{"id":106437,"date":"2025-03-05T09:31:40","date_gmt":"2025-03-05T09:31:40","guid":{"rendered":"https:\/\/rdnews.al\/?p=106437"},"modified":"2025-03-05T09:31:40","modified_gmt":"2025-03-05T09:31:40","slug":"zoti-e-bekofte-11-majin-rikthimin-e-shqiperise-ne-shinat-e-demokracise-funsionale","status":"publish","type":"post","link":"https:\/\/rdnews.al\/index.php\/2025\/03\/05\/zoti-e-bekofte-11-majin-rikthimin-e-shqiperise-ne-shinat-e-demokracise-funsionale\/","title":{"rendered":"Zoti e bekoft\u00eb 11 Majin, rikthimin e Shqip\u00ebris\u00eb n\u00eb shinat e demokracis\u00eb funsionale"},"content":{"rendered":"<p><strong>Gjeneral * Piro Ahmetaj,<\/strong><br \/>\n<strong><em>Koordinator n\u00eb PDSh p\u00ebr Sigurin\u00eb Kombetare &amp; marr\u00ebdh\u00ebniet me ShBA\/NATO\u00a0<\/em><\/strong><\/p>\n<p>T\u00eb Dashur demokrate\/\u00eb, t\u00eb Konispolit, Finiqit, Delvin\u00ebs, Sarand\u00ebs, Himar\u00ebs, Selenic\u00ebs dhe Vlor\u00ebs !<\/p>\n<p>S\u00eb pari, duke j&#8217;u garantuar se nuk kam asnj\u00eb keqardhje p\u00ebr rezultatin, i fal\u00ebnderoj me t\u00eb njejtin respekt 2584 votuesit (pro\/kund\u00ebr) si dhe qindra qytetar\u00eb t\u00eb tjer\u00eb, p\u00ebr mik\u00ebpritjen, diskutimet dhe shqet\u00ebsimet q\u00eb ndam\u00eb s\u00eb bashku gjat\u00eb k\u00ebsaj faze, q\u00eb si eksperienc\u00eb e par\u00eb do t\u00eb mbetet e paharruar n\u00eb udh\u00ebtimin tim politik !<\/p>\n<p>S\u00eb dyti, p\u00ebrtej \u00e7do insinuate matrapaz\u00ebsh delekuent, rikonfirmoj edhe publikisht se askujt nga 2584 votuesve nuk j&#8217;u k\u00ebrkova vot\u00ebn pasi i mir\u00ebkuptoj 1001 fijet e &#8220;vot\u00ebs n\u00eb bes\u00eb&#8221; mes kandidat\u00ebve dhe an\u00ebtar\u00ebsis\u00eb, prandaj isha i fokusuar #vet\u00ebm n\u00eb p\u00ebrpjekjen p\u00ebr t\u00eb zgjuar &#8220;heshtjen fisnike ndaj mllefeve si dhe besimin te Fitorja e Shent\u00ebruar e 11 Majit&#8221;!<\/p>\n<p>S\u00eb treti, me duhet t\u00eb p\u00ebrs\u00ebris p\u00ebr \u00e7do demokrate\/\u00eb q\u00eb: \u201ckurr\u00ebsesi nuk erdha PD dhe as te Ju n\u00eb k\u00ebto Primare p\u00ebr &#8220;teser Partie as p\u00ebr n\u00eb bodreron\u00eb\u00a0 e kuvendin e ardhsh\u00ebm&#8221;, POR: \u201cvet\u00ebm p\u00ebr t\u00eb kontribuar me ekperienc\u00ebn euroatlantike, p\u00ebrkushtim si dhe p\u00ebrgjegjshm\u00ebri t\u00eb lart\u00eb politike n\u00eb nevoj\u00ebn ul\u00ebrit\u00ebse q\u00eb ka Kombi p\u00ebr rotacionin demokratik t\u00eb pushtetit\u201d.<\/p>\n<p>N\u00eb linkun bashk\u00eblidhur gjeni \u201cparimet e angazhimeve n\u00eb betejen e 11 Majit\u201d: https:\/\/rdnews.al\/index.php\/2025\/02\/05\/11-maj-2025-misioni-i-shenjt\u00e8-i-shqiptareve\/<\/p>\n<p>S\u00eb kat\u00ebrti, i b\u00ebj thirrje arsyeve fisnike t\u00eb demokrat\u00ebve q\u00eb p\u00ebrtej primareve t\u00eb imponuara nga statusi por gjith\u00ebsesi t\u00eb padobishme; p\u00ebrtej mllefeve mes njeri-tjetrit dhe munges\u00ebs d\u00ebshp\u00ebruese t\u00eb kohezionit mes Drejtuesve, strukturave dhe an\u00ebtar\u00ebsis\u00eb, ju ftoj t\u00eb p\u00ebrbashkohemi rreth misionit t\u00eb shenjt\u00ebruar t\u00eb 11 Majit.<\/p>\n<p>N\u00eb shtes\u00eb, ri-konfirmoj se mbetem edhe m\u00eb i p\u00ebrkushtuar, p\u00ebr t\u00eb kontrubuar me gjithshka sepse besoj te Perendia, te Kodet Fisnike t\u00eb familjes, te shenjt\u00ebria e interesave Kombetare, vlerat demokratike, si dhe J\u2019u b\u00ebj thirrje vllaz\u00ebrore, q\u00eb s\u00eb bashku n\u00eb 11 Maj, ta \u201cndalim k\u00ebt\u00eb Sulltanat-Demokraci\u201d, p\u00ebr t\u2019ju rikthyer vlerave t\u00eb djathta, lavdin\u00eb -Blu, siguris\u00eb dhe mir\u00ebq\u00ebnien q\u00eb meritojn\u00eb qytetar\u00ebt e Qarkut t\u00eb Vlor\u00eb dhe mbar\u00eb-Kombit.<\/p>\n<p>Zoti e bekoft\u00eb 11 Majin, rikthimin e Shqip\u00ebris\u00eb n\u00eb shinat e demokracis\u00eb funsionale si USA, UK &amp; gjith\u00eb Europa.<\/p>\n<p>Ju uroj \u00e7do t\u00eb mir\u00eb familjarisht si dhe pavar\u00ebsisht numurave do mbeteni\u00a0 nd\u00ebr miqt\u00eb e mi t\u00eb \u00e7muar.<\/p>\n<p><strong><u>Contacted<\/u><\/strong>: Cel: 069 859 4210<\/p>\n<p><strong><u>Faceboook<\/u><\/strong>:\u00a0<a href=\"https:\/\/www.facebook.com\/share\/1BQQ1y6ZwK\/\" target=\"_blank\" rel=\"noopener\"><strong>https:\/\/www.facebook.com\/share\/1BQQ1y6ZwK\/<\/strong><\/a><\/p>\n<p>&nbsp;<\/p>\n","protected":false},"excerpt":{"rendered":"<p>Gjeneral * Piro Ahmetaj, Koordinator n\u00eb PDSh p\u00ebr Sigurin\u00eb Kombetare &amp; marr\u00ebdh\u00ebniet me ShBA\/NATO\u00a0 T\u00eb Dashur demokrate\/\u00eb, t\u00eb Konispolit, Finiqit, Delvin\u00ebs, Sarand\u00ebs, Himar\u00ebs, Selenic\u00ebs dhe Vlor\u00ebs ! S\u00eb pari, duke j&#8217;u garantuar se nuk kam asnj\u00eb keqardhje p\u00ebr rezultatin, i fal\u00ebnderoj me t\u00eb njejtin respekt 2584 votuesit (pro\/kund\u00ebr) si dhe qindra qytetar\u00eb t\u00eb tjer\u00eb, p\u00ebr &hellip;<\/p>\n","protected":false},"author":4,"featured_media":103429,"comment_status":"closed","ping_status":"closed","sticky":false,"template":"","format":"standard","meta":{"footnotes":""},"categories":[44],"tags":[],"class_list":["post-106437","post","type-post","status-publish","format-standard","has-post-thumbnail","","category-editorial"],"_links":{"self":[{"href":"https:\/\/rdnews.al\/index.php\/wp-json\/wp\/v2\/posts\/106437","targetHints":{"allow":["GET"]}}],"collection":[{"href":"https:\/\/rdnews.al\/index.php\/wp-json\/wp\/v2\/posts"}],"about":[{"href":"https:\/\/rdnews.al\/index.php\/wp-json\/wp\/v2\/types\/post"}],"author":[{"embeddable":true,"href":"https:\/\/rdnews.al\/index.php\/wp-json\/wp\/v2\/users\/4"}],"replies":[{"embeddable":true,"href":"https:\/\/rdnews.al\/index.php\/wp-json\/wp\/v2\/comments?post=106437"}],"version-history":[{"count":1,"href":"https:\/\/rdnews.al\/index.php\/wp-json\/wp\/v2\/posts\/106437\/revisions"}],"predecessor-version":[{"id":106438,"href":"https:\/\/rdnews.al\/index.php\/wp-json\/wp\/v2\/posts\/106437\/revisions\/106438"}],"wp:featuredmedia":[{"embeddable":true,"href":"https:\/\/rdnews.al\/index.php\/wp-json\/wp\/v2\/media\/103429"}],"wp:attachment":[{"href":"https:\/\/rdnews.al\/index.php\/wp-json\/wp\/v2\/media?parent=106437"}],"wp:term":[{"taxonomy":"category","embeddable":true,"href":"https:\/\/rdnews.al\/index.php\/wp-json\/wp\/v2\/categories?post=106437"},{"taxonomy":"post_tag","embeddable":true,"href":"https:\/\/rdnews.al\/index.php\/wp-json\/wp\/v2\/tags?post=106437"}],"curies":[{"name":"wp","href":"https:\/\/api.w.org\/{rel}","templated":true}]}}