{"id":106444,"date":"2025-03-05T09:50:10","date_gmt":"2025-03-05T09:50:10","guid":{"rendered":"https:\/\/rdnews.al\/?p=106444"},"modified":"2025-03-05T09:50:10","modified_gmt":"2025-03-05T09:50:10","slug":"meloni-refuzon-propozimin-e-be-per-dergimin-e-trupave-ne-ukraine-mund-te-shkoni-por-jo-me-ushtaret-e-mi","status":"publish","type":"post","link":"https:\/\/rdnews.al\/index.php\/2025\/03\/05\/meloni-refuzon-propozimin-e-be-per-dergimin-e-trupave-ne-ukraine-mund-te-shkoni-por-jo-me-ushtaret-e-mi\/","title":{"rendered":"Meloni refuzon propozimin e BE p\u00ebr d\u00ebrgimin e trupave n\u00eb Ukrain\u00eb: Mund t\u00eb shkoni, por jo me ushtar\u00ebt e mi!"},"content":{"rendered":"<p><strong>Kryeministrja italiane, Giorgia Meloni, ka refuzuar me forc\u00eb propozimin e Franc\u00ebs dhe Britanis\u00eb s\u00eb Madhe p\u00ebr d\u00ebrgimin e trupave italiane n\u00eb Ukrain\u00eb.<\/strong><\/p>\n<p>N\u00eb nj\u00eb intervist\u00eb p\u00ebr Rai 1 Secolo TV m\u00eb 4 mars, Meloni e quajti k\u00ebt\u00eb propozim \u201cshum\u00eb t\u00eb v\u00ebshtir\u00eb p\u00ebr t\u2019u realizuar\u201d dhe vuri n\u00eb dyshim efektivitetin e tij.<\/p>\n<div class=\"code-block code-block-45 code-block-futureads-para-paragrafi1\">\n<div id=\"telegrafi_async_1864771998\" data-zone=\"a0923d53-4bd5-4787-b134-a72bb441a32b\" data-sender=\"telegrafi\" data-parent-id=\"futureads_1748d37fc0ef4e6394a41c4536009fcd_zone_103963_sect_47407_site_31670\">\n<div class=\"resize-sensor\" dir=\"ltr\">\n<div class=\"resize-sensor-shrink\">\n<div>Ajo theksoi se Italia nuk do t\u00eb d\u00ebrgoj\u00eb ushtar\u00eb n\u00eb Ukrain\u00eb, duke theksuar r\u00ebnd\u00ebsin\u00eb e unitetit per\u00ebndimor n\u00eb k\u00ebt\u00eb \u00e7\u00ebshtje.<\/div>\n<\/div>\n<\/div>\n<\/div>\n<\/div>\n<p>Ky refuzim vjen pas deklaratave t\u00eb presidentit francez, Emmanuel Macron, i cili gjat\u00eb nj\u00eb vizite n\u00eb Uashington m\u00eb 24 shkurt, zbuloi se Franca dhe Britania po zhvillonin nj\u00eb plan p\u00ebr t\u00eb ofruar garanci sigurie p\u00ebr Ukrain\u00ebn, duke p\u00ebrfshir\u00eb mund\u00ebsin\u00eb e d\u00ebrgimit t\u00eb trupave evropiane.<\/p>\n<div class=\"related-to-article\">\n<div class=\"related-article-i\"><a href=\"https:\/\/telegrafi.com\/franca-dhe-britania-propozojne-nje-muaj-armepushim-ne-ukraine\/\" target=\"_blank\" rel=\"noopener\"><img decoding=\"async\" src=\"https:\/\/telegrafi.com\/wp-content\/uploads\/2025\/03\/Screenshot_7-2-380x233.png\" alt=\"Franca dhe Britania propozojn\u00eb nj\u00eb muaj arm\u00ebpushim n\u00eb Ukrain\u00eb\" \/><\/a><\/p>\n<div><\/div>\n<div class=\"clearfix\">Macron sqaroi se k\u00ebto trupa nuk do t\u00eb ishin domosdoshm\u00ebrisht n\u00eb vij\u00ebn e frontit, por do t\u00eb sh\u00ebrbenin si \u201cgaranci\u201d.<\/div>\n<\/div>\n<\/div>\n<p>Pavar\u00ebsisht k\u00ebtyre propozimeve, Meloni ka shprehur gatishm\u00ebrin\u00eb e Italis\u00eb p\u00ebr t\u00eb luajtur nj\u00eb rol nd\u00ebrmjet\u00ebsues n\u00eb p\u00ebrpjekjet p\u00ebr t\u00eb zgjidhur tensionet midis presidentit amerikan, Donald Trump, dhe presidentit ukrainas, Volodymyr Zelensky. Ajo ka ofruar veten si nj\u00eb \u201cur\u00eb\u201d p\u00ebr t\u00eb p\u00ebrmir\u00ebsuar marr\u00ebdh\u00ebniet midis dy lider\u00ebve.<\/p>\n<p>N\u00eb nj\u00eb zhvillim tjet\u00ebr, Meloni ka refuzuar k\u00ebrkesat p\u00ebr largimin e simboleve fashiste nga logoja e partis\u00eb s\u00eb saj, V\u00ebllez\u00ebrit e Italis\u00eb. Ajo ka p\u00ebrjashtuar mund\u00ebsin\u00eb e heqjes s\u00eb flak\u00ebs tringjyr\u00ebshe nga logoja, duke th\u00ebn\u00eb se kjo \u201ckurr\u00eb nuk ka qen\u00eb tem\u00eb\u201d.<\/p>\n<p><iframe loading=\"lazy\" title=\"Italian PM Meloni Rejects Troop Deployment to Ukraine | Russia Ukraine War | Ukraine News\" src=\"https:\/\/www.youtube.com\/embed\/I6OWn7Qreik?feature=oembed\" width=\"500\" height=\"281\" frameborder=\"0\" allowfullscreen=\"allowfullscreen\" data-mce-fragment=\"1\"><\/iframe><\/p>\n<div class=\"code-block code-block-48 code-block-fa-outstream-fund-artikull\">\n<div class=\"ai-dynamic\">\n<div class=\"ai-dynamic\" data-code=\"\" data-fallback-code=\"\">\n<div id=\"videootv-714d8341-c7cb-cc63-ac46-62929a664e20\" class=\"videootv\">\n<div id=\"videootv-widget-container-714d8341-c7cb-cc63-ac46-62929a664e20\" class=\"videootv-widget-container \">\n<div id=\"videootv-widget-player-714d8341-c7cb-cc63-ac46-62929a664e20\" class=\"videootv-widget-player bottomright\">\n<div id=\"videootv-carousel-holder-714d8341-c7cb-cc63-ac46-62929a664e20\" class=\"videootv-carousel-holder videootv-fadeOut videootv-fadeIn wp-hover\">\n<div id=\"videootv-carousel-element0-714d8341-c7cb-cc63-ac46-62929a664e20\" class=\"videootv-carousel-element\" data-link=\"https:\/\/telegrafi.com\/menaxheri-rozana-radit-nxjerr-bisedat-e-saj-olta-gixharin-ku-ajo-ia-uron-fitoren-para-se-te-hynte-ne-bbva-ku-banore-eshte-edhe-motra-e-saj\/?utm_source=videootv_recirculation&amp;utm_medium=carrusel\" data-target=\"_self\">\n<div id=\"videootv-carousel-element-photo-link0-714d8341-c7cb-cc63-ac46-62929a664e20\" class=\"videootv-carousel-element-photo-link\">\n<div id=\"videootv-carousel-element-photo-container0-714d8341-c7cb-cc63-ac46-62929a664e20\" class=\"videootv-carousel-element-photo-container\"><\/div>\n<\/div>\n<\/div>\n<\/div>\n<\/div>\n<\/div>\n<\/div>\n<\/div>\n<\/div>\n<\/div>\n","protected":false},"excerpt":{"rendered":"<p>Kryeministrja italiane, Giorgia Meloni, ka refuzuar me forc\u00eb propozimin e Franc\u00ebs dhe Britanis\u00eb s\u00eb Madhe p\u00ebr d\u00ebrgimin e trupave italiane n\u00eb Ukrain\u00eb. N\u00eb nj\u00eb intervist\u00eb p\u00ebr Rai 1 Secolo TV m\u00eb 4 mars, Meloni e quajti k\u00ebt\u00eb propozim \u201cshum\u00eb t\u00eb v\u00ebshtir\u00eb p\u00ebr t\u2019u realizuar\u201d dhe vuri n\u00eb dyshim efektivitetin e tij. Ajo theksoi se Italia &hellip;<\/p>\n","protected":false},"author":4,"featured_media":106445,"comment_status":"closed","ping_status":"closed","sticky":false,"template":"","format":"standard","meta":{"footnotes":""},"categories":[38],"tags":[],"class_list":["post-106444","post","type-post","status-publish","format-standard","has-post-thumbnail","","category-bota"],"_links":{"self":[{"href":"https:\/\/rdnews.al\/index.php\/wp-json\/wp\/v2\/posts\/106444","targetHints":{"allow":["GET"]}}],"collection":[{"href":"https:\/\/rdnews.al\/index.php\/wp-json\/wp\/v2\/posts"}],"about":[{"href":"https:\/\/rdnews.al\/index.php\/wp-json\/wp\/v2\/types\/post"}],"author":[{"embeddable":true,"href":"https:\/\/rdnews.al\/index.php\/wp-json\/wp\/v2\/users\/4"}],"replies":[{"embeddable":true,"href":"https:\/\/rdnews.al\/index.php\/wp-json\/wp\/v2\/comments?post=106444"}],"version-history":[{"count":1,"href":"https:\/\/rdnews.al\/index.php\/wp-json\/wp\/v2\/posts\/106444\/revisions"}],"predecessor-version":[{"id":106446,"href":"https:\/\/rdnews.al\/index.php\/wp-json\/wp\/v2\/posts\/106444\/revisions\/106446"}],"wp:featuredmedia":[{"embeddable":true,"href":"https:\/\/rdnews.al\/index.php\/wp-json\/wp\/v2\/media\/106445"}],"wp:attachment":[{"href":"https:\/\/rdnews.al\/index.php\/wp-json\/wp\/v2\/media?parent=106444"}],"wp:term":[{"taxonomy":"category","embeddable":true,"href":"https:\/\/rdnews.al\/index.php\/wp-json\/wp\/v2\/categories?post=106444"},{"taxonomy":"post_tag","embeddable":true,"href":"https:\/\/rdnews.al\/index.php\/wp-json\/wp\/v2\/tags?post=106444"}],"curies":[{"name":"wp","href":"https:\/\/api.w.org\/{rel}","templated":true}]}}