{"id":10646,"date":"2022-04-28T10:46:30","date_gmt":"2022-04-28T10:46:30","guid":{"rendered":"https:\/\/rdnews.al\/?p=10646"},"modified":"2022-04-28T10:46:30","modified_gmt":"2022-04-28T10:46:30","slug":"gjermanet-te-pakenaqur-me-scholz-per-menyren-se-si-e-ka-trajtuar-luften-ne-ukraine","status":"publish","type":"post","link":"https:\/\/rdnews.al\/index.php\/2022\/04\/28\/gjermanet-te-pakenaqur-me-scholz-per-menyren-se-si-e-ka-trajtuar-luften-ne-ukraine\/","title":{"rendered":"Gjerman\u00ebt t\u00eb pak\u00ebnaqur me Scholz p\u00ebr m\u00ebnyr\u00ebn se si e ka trajtuar luft\u00ebn n\u00eb Ukrain\u00eb"},"content":{"rendered":"<p>Shumica e gjerman\u00ebve jan\u00eb t\u00eb pak\u00ebnaqur me m\u00ebnyr\u00ebn se si kancelari\u00a0Olaf Scholz\u00a0 po e trajton luft\u00ebn n\u00eb Ukrain\u00eb, sipas nj\u00eb sondazhi t\u00eb kryer nga\u00a0Instituti YouGov\u00a0n\u00eb em\u00ebr t\u00eb Agjencis\u00eb Gjermane.<\/p>\n<p>N\u00eb sondazhin, rezultatet e t\u00eb cilit u publikuan sot,\u00a045%\u00a0e t\u00eb anketuarve than\u00eb se ishin mjaft t\u00eb pak\u00ebnaqur me performanc\u00ebn e kancelarit.<\/p>\n<p>Nd\u00ebrkoh\u00eb,\u00a037%\u00a0than\u00eb se ishin shum\u00eb t\u00eb k\u00ebnaqur me m\u00ebnyr\u00ebn se si Scholz\u00a0e trajtoi konfliktin nd\u00ebrkomb\u00ebtar dhe\u00a018%\u00a0nuk \u200b\u200bmund ose nuk donin t\u00eb vler\u00ebsonin veprimet e tij.<\/p>\n<p>Nj\u00eb pamje tjet\u00ebr doli nga sondazhi midis atyre q\u00eb p\u00eblqejn\u00eb Social Demokrat\u00ebt e qendr\u00ebs s\u00eb majt\u00eb t\u00eb Soltz-it (SPD): 59% than\u00eb se ishin t\u00eb k\u00ebnaqur me Soltz-in dhe 34% ishin t\u00eb pak\u00ebnaqur.<\/p>\n<p>Publiku nuk e konsideron kancelarin si nj\u00eb lider t\u00eb fort\u00eb.<\/p>\n<p>Vet\u00ebm 25% e t\u00eb anketuarve kan\u00eb pranuar se kan\u00eb treguar aft\u00ebsi udh\u00ebheq\u00ebse n\u00eb m\u00ebnyr\u00ebn se si trajtojn\u00eb\u00a0sulmin e Rusis\u00eb ndaj Ukrain\u00ebs.<\/p>\n<p>51% u\u00a0pajtuan me deklarat\u00ebn\u00a0&#8220;Ai vepron mjaftuesh\u00ebm si lider&#8221;.\u00a024%<\/p>\n<p>jan\u00eb p\u00ebrgjigjur se nuk e din\u00eb ose nuk kan\u00eb dh\u00ebn\u00eb p\u00ebrgjigje.<\/p>\n<p>Aft\u00ebsit\u00eb komunikuese t\u00eb kancelarit vler\u00ebsohen si edhe m\u00eb t\u00eb pamjaftueshme: 56% konsiderojn\u00eb se ai nuk e ka shpjeguar si\u00e7 duhet politik\u00ebn e tij, 22% e shohin at\u00eb ndryshe.<\/p>\n<p>22% jan\u00eb p\u00ebrgjigjur\u00a0\u201cNuk e di \/ Nuk p\u00ebrgjigjem\u201d.<\/p>\n<p>Votuesit n\u00eb tre partit\u00eb e koalicionit qeveris\u00ebs vler\u00ebsuan n\u00eb m\u00ebnyr\u00eb t\u00eb ngjashme Scholzz p\u00ebr aft\u00ebsit\u00eb e tij drejtuese dhe komunikuese.<\/p>\n<p>N\u00eb p\u00ebrgjith\u00ebsi, koalicioni i SPD-s\u00eb, t\u00eb Gjelb\u00ebrve dhe Demokrat\u00ebve t\u00eb Lir\u00eb Liberal\u00eb dol\u00ebn edhe m\u00eb keq se kancelari.<\/p>\n<p>Nga t\u00eb anketuarit, 50% than\u00eb se ishin pak a shum\u00eb t\u00eb pak\u00ebnaqur me veprimet e tij n\u00eb lidhje me luft\u00ebn n\u00eb Ukrain\u00eb, 30% than\u00eb se ishin pak a shum\u00eb t\u00eb k\u00ebnaqur.<\/p>\n<p>20% e mbetur than\u00eb se nuk e dinin ose nuk u p\u00ebrgjigj\u00ebn.<\/p>\n<p>T\u00eb dh\u00ebnat bazohen n\u00eb nj\u00eb sondazh t\u00eb kryer nga\u00a0YouGov Deutschland GmbH\u00a0n\u00ebp\u00ebrmjet internetit dhe n\u00eb t\u00eb cilin mor\u00ebn pjes\u00eb 2040 persona nga 25 deri m\u00eb 27 prill.<\/p>\n","protected":false},"excerpt":{"rendered":"<p>Shumica e gjerman\u00ebve jan\u00eb t\u00eb pak\u00ebnaqur me m\u00ebnyr\u00ebn se si kancelari\u00a0Olaf Scholz\u00a0 po e trajton luft\u00ebn n\u00eb Ukrain\u00eb, sipas nj\u00eb sondazhi t\u00eb kryer nga\u00a0Instituti YouGov\u00a0n\u00eb em\u00ebr t\u00eb Agjencis\u00eb Gjermane. N\u00eb sondazhin, rezultatet e t\u00eb cilit u publikuan sot,\u00a045%\u00a0e t\u00eb anketuarve than\u00eb se ishin mjaft t\u00eb pak\u00ebnaqur me performanc\u00ebn e kancelarit. Nd\u00ebrkoh\u00eb,\u00a037%\u00a0than\u00eb se ishin shum\u00eb t\u00eb &hellip;<\/p>\n","protected":false},"author":4,"featured_media":10647,"comment_status":"open","ping_status":"open","sticky":false,"template":"","format":"standard","meta":{"footnotes":""},"categories":[38],"tags":[],"class_list":["post-10646","post","type-post","status-publish","format-standard","has-post-thumbnail","","category-bota"],"_links":{"self":[{"href":"https:\/\/rdnews.al\/index.php\/wp-json\/wp\/v2\/posts\/10646","targetHints":{"allow":["GET"]}}],"collection":[{"href":"https:\/\/rdnews.al\/index.php\/wp-json\/wp\/v2\/posts"}],"about":[{"href":"https:\/\/rdnews.al\/index.php\/wp-json\/wp\/v2\/types\/post"}],"author":[{"embeddable":true,"href":"https:\/\/rdnews.al\/index.php\/wp-json\/wp\/v2\/users\/4"}],"replies":[{"embeddable":true,"href":"https:\/\/rdnews.al\/index.php\/wp-json\/wp\/v2\/comments?post=10646"}],"version-history":[{"count":0,"href":"https:\/\/rdnews.al\/index.php\/wp-json\/wp\/v2\/posts\/10646\/revisions"}],"wp:featuredmedia":[{"embeddable":true,"href":"https:\/\/rdnews.al\/index.php\/wp-json\/wp\/v2\/media\/10647"}],"wp:attachment":[{"href":"https:\/\/rdnews.al\/index.php\/wp-json\/wp\/v2\/media?parent=10646"}],"wp:term":[{"taxonomy":"category","embeddable":true,"href":"https:\/\/rdnews.al\/index.php\/wp-json\/wp\/v2\/categories?post=10646"},{"taxonomy":"post_tag","embeddable":true,"href":"https:\/\/rdnews.al\/index.php\/wp-json\/wp\/v2\/tags?post=10646"}],"curies":[{"name":"wp","href":"https:\/\/api.w.org\/{rel}","templated":true}]}}