{"id":106541,"date":"2025-03-06T09:14:59","date_gmt":"2025-03-06T09:14:59","guid":{"rendered":"https:\/\/rdnews.al\/?p=106541"},"modified":"2025-03-06T09:15:19","modified_gmt":"2025-03-06T09:15:19","slug":"rama-kercenon-banoret-e-tragjasit-uji-eshte-i-shqiperise-jo-i-juaji-policia-do-nderhyje","status":"publish","type":"post","link":"https:\/\/rdnews.al\/index.php\/2025\/03\/06\/rama-kercenon-banoret-e-tragjasit-uji-eshte-i-shqiperise-jo-i-juaji-policia-do-nderhyje\/","title":{"rendered":"Rama k\u00ebrc\u00ebnon banor\u00ebt e Tragjasit: Uji \u00ebsht\u00eb i Shqip\u00ebris\u00eb, jo i juaji! Policia do t\u00eb nd\u00ebrhyj\u00eb&#8230;"},"content":{"rendered":"<p>Edi Rama, gjat\u00eb rubrik\u00ebs \u201cSy m\u00eb sy\u201d n\u00eb rrjetet sociale, u \u00ebsht\u00eb p\u00ebrgjigjur banor\u00ebve t\u00eb Tragjasit, t\u00eb cil\u00ebt kund\u00ebrshtojn\u00eb me forc\u00eb marrjen e ujit t\u00eb lumit Izvor, pasi thon\u00eb se projekti q\u00eb u sh\u00ebrben resorteve luksoze n\u00eb bregdetin e Himar\u00ebs, n\u00ebn petkun e investimeve strategjike, i l\u00eb ata pa uj\u00eb dhe i detyron t\u00eb shp\u00ebrngulen.<\/p>\n<p>Rama deklaroi se ka b\u00ebr\u00eb studime hidrologjike dhe sipas tij, nuk ka asnj\u00eb rrezik q\u00eb ata t\u00eb mbeten pa uj\u00eb. Ai shtoi se rrezik do t\u00eb kishte vet\u00ebm po t\u00eb merrej uji p\u00ebr hidrocentral, por jo p\u00ebr t\u00eb pir\u00eb t\u00eb tjer\u00ebt.<\/p>\n<p>Sipas Ram\u00ebs, burimi ujor i p\u00ebrket Republik\u00ebs s\u00eb Shqip\u00ebris\u00eb dhe jo nj\u00eb komuniteti dhe se do p\u00ebrdoret p\u00ebr interesat dhe sh\u00ebrbimet e Shqip\u00ebris\u00eb. Ai tha se, e d\u00ebrgoi Policin\u00eb aty, pasi nuk mund t\u00eb bllokohen projektet dhe investimet.<\/p>\n<p>Rama paralajm\u00ebroi se do t\u00eb shkoj\u00eb dhe vet\u00eb n\u00eb Tragjas, por pasi drejtori i AKUM dhe kryebashkiaku t\u00eb ken\u00eb b\u00ebr\u00eb nj\u00eb shpjegim teknik n\u00eb nj\u00eb televizion t\u00eb Vlor\u00ebs dhe jo para 200 vet\u00ebve.<\/p>\n<p><strong>Rama<\/strong>:\u00a0<em>Ky \u00ebsht\u00eb nj\u00eb diskutim q\u00eb ka n\u00eb thelb nj\u00eb pik\u00ebpyetje shum\u00eb t\u00eb madhe p\u00ebr mua, sesi ka mund\u00ebsi t\u00eb t\u00eb bihet pre e nj\u00eb konfuzioni t\u00eb till\u00eb, sepse jam k bindur q\u00eb mbrapa k\u00ebsaj ka burime helmi q\u00eb kan\u00eb derdhur sasira t\u00eb caktuara n\u00eb mendjen e Tragjasit. Por p\u00ebrtej k\u00ebtyre, pyetja \u00ebsht\u00eb shum\u00eb e thjesht\u00eb; si \u00ebsht\u00eb e mundur q\u00eb t\u00eb imagjinohet q\u00eb nj\u00eb qeveri, t\u00eb marri ujin q\u00eb u duhet disave p\u00ebr t\u2019ua dh\u00ebn\u00eb disa t\u00eb tjer\u00ebve.\u00a0K\u00ebtu \u00ebsht\u00eb future brenda edhe ku\u00e7edra, oligark\u00ebt q\u00eb po marrin ujin p\u00ebr q\u00ebllime t\u00eb tyre etj.\u00a0Nga ana tjet\u00ebr jam p\u00ebrpjekur ta shpjegoj dhe rishpjegojm se ky projekt bazohet n\u00eb studim hidrologjik. Jan\u00eb b\u00ebr\u00eb matje t\u00eb vazhdueshme t\u00eb prurjeve, analiza p\u00ebr t\u00eb dal\u00eb n\u00eb konkluzionin se sa prurje ka, sa nevoj\u00eb ka mjedisi gjeologjik, sa duhet p\u00ebr konsum, sa prurje ikin n\u00eb det etj.\u00a0Mbi baz\u00ebn e k\u00ebtyre analizave dhe matjeve \u00ebsht\u00eb b\u00ebr\u00eb projekti, i cili synon q\u00eb edhe vet\u00eb zona atje, banor\u00ebt atje, sht\u00ebpit\u00eb atje, t\u00eb cilat furnizohen me pikatore sepse sistemi i uj\u00ebsjell\u00ebsit atje \u00ebsht\u00eb nd\u00ebrtuar n\u00eb vitet 60, nd\u00ebrkoh\u00eb q\u00eb nj\u00eb pjes\u00eb tjet\u00ebr e banor\u00ebve kan\u00eb b\u00ebr\u00eb investime personale, p\u00ebr t\u00eb marr\u00eb uj\u00eb me puse.<\/em><\/p>\n<p><em>Ne e shohim si nj\u00eb potencial t\u00eb madh p\u00ebr turizmin, p\u00ebr transformimin e sht\u00ebpive, k\u00ebshtu q\u00eb edhe kanalizimet qe mungojn\u00eb jan\u00eb pjes\u00eb e projektit.\u00a0Do t\u00eb b\u00ebhet uj\u00ebsjell\u00ebsi i ri i Tragjasit, do t\u00eb furnizoj\u00eb edhe zon\u00ebn e poshtme.\u00a0Detajet jan\u00eb teknike, por dua t\u00eb shpjegoj se nj\u00eb projekt b\u00ebhet me profesionist\u00eb, por ka edhe oponenc\u00eb.\u00a0Prurja minimale e matur, dhe matjet jan\u00eb b\u00ebr\u00eb n\u00eb periudha korrik, gusht shtator, 2021, 2022, ka edhe matje t\u00eb 2018, k\u00ebshtu q\u00eb prurjet mininale jan\u00eb 700 lit\u00ebr n\u00eb sekond.\u00a0Nga t\u00eb gjith\u00eb shfryt\u00ebzimi, n\u00eb maksimum, q\u00eb do t\u2019i b\u00ebhet k\u00ebtij burimi p\u00ebr shkak t\u00eb uj\u00ebsjell\u00ebsit, \u00ebsht\u00eb dy her\u00eb m\u00eb i vog\u00ebl sesa prurja minimale. N\u00eb t\u00eb gjitha rastet, ajo q\u00eb mbetet e pashfryt\u00ebzuar nga sistemi i uj\u00ebsjell\u00ebsit, \u00ebsht\u00eb m\u00ebse e mjaftueshme p\u00ebr mjedisin. P\u00ebr ujin e pijsh\u00ebm do t\u00eb plot\u00ebsohen nevojat. Kjo \u00ebsht\u00eb \u00e7\u00ebshtje teknike, nuk shihet me sy, por me instrumente shkencore q\u00eb mb\u00ebjn\u00eb matjet dhe me analiza progresive.\u00a0T\u00eb ishte nj\u00eb hidrocentral do ta kuptoja t\u00eb gjith\u00eb rrezikun, sepse rreziku i thithjes s\u00eb burimeve ujore n\u00eb nj\u00eb mas\u00eb q\u00eb mund t\u00eb k\u00ebrc\u00ebnonte gjith\u00eb nevojat p\u00ebr vaditje tokash. Por, \u00ebsht\u00eb uj\u00ebsjell\u00ebs p\u00ebr t\u00eb pir\u00eb uj\u00eb. Si mundet q\u00eb nj\u00eb uj\u00ebsjell\u00ebs p\u00ebr t\u00eb pir\u00eb uj\u00eb t\u00eb thaj\u00eb dynjan\u00eb, duke u shfryt\u00ebzuar p\u00ebr nevojat njer\u00ebzore t\u00eb pirjes s\u00eb ujit. \u00cbsht\u00eb komplet pa logjik\u00eb.<\/em><\/p>\n<p><em>Pasi ka patur shqet\u00ebsim dhe ky projekt \u00ebsht\u00eb vonuar me muaj dhe me muaj t\u00eb t\u00ebra p\u00ebr shkak t\u00eb k\u00ebtyre teorive, \u00ebsht\u00eb konfirmuar nga ana ime dhe nga ekspert\u00eb t\u00eb tret\u00eb. T\u00eb gjith\u00eb dalin n\u00eb pik\u00ebn se k\u00ebtu nuk ka asnj\u00eb k\u00ebrc\u00ebnim, kjo \u00ebsht\u00eb \u00e7menduri. T\u00eb jem un\u00eb personi q\u00eb dashkam tua marr ujin tragjasit\u00ebve, p\u00ebr tua dh\u00ebn\u00eb himarioteve. Ky \u00ebsht\u00eb nj\u00eb burim dhe burimet jan\u00eb t\u00eb Republik\u00ebs s\u00eb Shqip\u00ebris\u00eb, nuk jan\u00eb burime t\u00eb nj\u00eb komuniteti apo t\u00eb nj\u00eb tjetri. Dhe k\u00ebto burime t\u00eb Republik\u00ebs s\u00eb Shqip\u00ebris\u00eb vihen n\u00eb sh\u00ebrbim t\u00eb njer\u00ebzve dhe t\u00eb interesave t\u00eb k\u00ebsaj Republike. I kam k\u00ebrkuar kryetarit t\u00eb AKUM dhe kryetarit t\u00eb bashkis\u00eb q\u00eb b\u00ebjn\u00eb nj\u00eb shpjegim teknik n\u00eb nj\u00eb televizion n\u00eb Vlor\u00eb, sepse nuk mund t\u00eb b\u00ebhet para 200 vetave. Dhe pastaj, do shfaqem edhe vet\u00eb aty.<\/em><\/p>\n<p><em>P\u00ebr sa i p\u00ebrket Policis\u00eb, projektet nuk mund t\u00eb bllokohen, investimet nuk mund t\u00eb bllokohen. Policia nuk \u00ebsht\u00eb shfaqur aty se papritur e pakujtuar u kujtua nj\u00eb fadrom\u00eb t\u00eb vij\u00eb, por se ka muaj t\u00eb t\u00ebr\u00eb q\u00eb b\u00ebhet p\u00ebrpjekje p\u00ebr t\u2019u sqaruar dhe nuk arrihet dot t\u00eb b\u00ebhet sqarimi. Tani si do b\u00ebhet kjo, do merret peng me dhun\u00eb, nj\u00eb investim q\u00eb n\u00eb radh\u00eb t\u00eb par\u00eb i sh\u00ebrben vet\u00eb zon\u00ebs. Kam shum\u00eb besim q\u00eb duke d\u00ebgjuar mir\u00eb ekspert\u00ebt dhe duke besuar tek vullneti i mir\u00eb p\u00ebr transformimin e m\u00ebtejsh\u00ebm t\u00eb gjith\u00eb qarkut t\u00eb Vlor\u00ebs, do realizojm\u00eb projektin dhe t\u00eb gjith\u00eb do jemi t\u00eb leht\u00ebsuar nga \u00e7do lloj frike dhe konfuzioni<\/em>.<\/p>\n","protected":false},"excerpt":{"rendered":"<p>Edi Rama, gjat\u00eb rubrik\u00ebs \u201cSy m\u00eb sy\u201d n\u00eb rrjetet sociale, u \u00ebsht\u00eb p\u00ebrgjigjur banor\u00ebve t\u00eb Tragjasit, t\u00eb cil\u00ebt kund\u00ebrshtojn\u00eb me forc\u00eb marrjen e ujit t\u00eb lumit Izvor, pasi thon\u00eb se projekti q\u00eb u sh\u00ebrben resorteve luksoze n\u00eb bregdetin e Himar\u00ebs, n\u00ebn petkun e investimeve strategjike, i l\u00eb ata pa uj\u00eb dhe i detyron t\u00eb shp\u00ebrngulen. &hellip;<\/p>\n","protected":false},"author":4,"featured_media":106542,"comment_status":"closed","ping_status":"closed","sticky":false,"template":"","format":"standard","meta":{"footnotes":""},"categories":[37],"tags":[],"class_list":["post-106541","post","type-post","status-publish","format-standard","has-post-thumbnail","","category-politike"],"_links":{"self":[{"href":"https:\/\/rdnews.al\/index.php\/wp-json\/wp\/v2\/posts\/106541","targetHints":{"allow":["GET"]}}],"collection":[{"href":"https:\/\/rdnews.al\/index.php\/wp-json\/wp\/v2\/posts"}],"about":[{"href":"https:\/\/rdnews.al\/index.php\/wp-json\/wp\/v2\/types\/post"}],"author":[{"embeddable":true,"href":"https:\/\/rdnews.al\/index.php\/wp-json\/wp\/v2\/users\/4"}],"replies":[{"embeddable":true,"href":"https:\/\/rdnews.al\/index.php\/wp-json\/wp\/v2\/comments?post=106541"}],"version-history":[{"count":2,"href":"https:\/\/rdnews.al\/index.php\/wp-json\/wp\/v2\/posts\/106541\/revisions"}],"predecessor-version":[{"id":106544,"href":"https:\/\/rdnews.al\/index.php\/wp-json\/wp\/v2\/posts\/106541\/revisions\/106544"}],"wp:featuredmedia":[{"embeddable":true,"href":"https:\/\/rdnews.al\/index.php\/wp-json\/wp\/v2\/media\/106542"}],"wp:attachment":[{"href":"https:\/\/rdnews.al\/index.php\/wp-json\/wp\/v2\/media?parent=106541"}],"wp:term":[{"taxonomy":"category","embeddable":true,"href":"https:\/\/rdnews.al\/index.php\/wp-json\/wp\/v2\/categories?post=106541"},{"taxonomy":"post_tag","embeddable":true,"href":"https:\/\/rdnews.al\/index.php\/wp-json\/wp\/v2\/tags?post=106541"}],"curies":[{"name":"wp","href":"https:\/\/api.w.org\/{rel}","templated":true}]}}