{"id":106545,"date":"2025-03-06T10:09:07","date_gmt":"2025-03-06T10:09:07","guid":{"rendered":"https:\/\/rdnews.al\/?p=106545"},"modified":"2025-03-06T10:10:54","modified_gmt":"2025-03-06T10:10:54","slug":"velina-e-stop-it-une-votoj-pd-berisha-ndan-videon-zgjedhja-me-e-bukur","status":"publish","type":"post","link":"https:\/\/rdnews.al\/index.php\/2025\/03\/06\/velina-e-stop-it-une-votoj-pd-berisha-ndan-videon-zgjedhja-me-e-bukur\/","title":{"rendered":"Velina e \u201cSTOP\u201d-it: Un\u00eb votoj PD! Berisha ndan videon: Zgjedhja m\u00eb e bukur&#8230;"},"content":{"rendered":"<div id=\"rekl-49\">Kryetari i Partis\u00eb Demokratike, Sali Berisha ka ndar\u00eb n\u00eb rrjetin e tij social \u2018Facebook\u2019, nj\u00eb video t\u00eb shk\u00ebputur nga emisioni investigativ \u2018Stop\u2019.<\/div>\n<div class=\"readmore-text-here\">\n<p>Teksa pyetet nga drejtuesi i emisionit se p\u00ebr k\u00eb duhet t\u00eb votosh, velina ia kthen:\u00a0<strong>Voto p\u00ebr Partin\u00eb Demokratike<\/strong>!<\/p>\n<p><strong>Pjes\u00eb nga video<\/strong><\/p>\n<p><em>Moderatori: Un\u00eb jam me&#8230;<\/em><\/p>\n<p><em>Velina: Me PS..<\/em><\/p>\n<p><em>Moderatori: Voto p\u00ebr&#8230;<\/em><\/p>\n<p><em>Velina: P\u00ebr Partin\u00eb Demokratike..<\/em>.<\/p>\n<p>P\u00ebrgjigje kjo e pritur mir\u00eb edhe nga moderatori, nd\u00ebrsa ky moment ka t\u00ebrhequr edhe v\u00ebmendjen e kryedemokratit Berisha, i cili nuk ka nguruar ta ndaj\u00eb at\u00eb n\u00eb rrjetin social me mbishkrimin:\u00a0<strong>\u2018Zgjedhja m\u00eb e bukur<\/strong>\u2019.<\/p>\n<p><iframe loading=\"lazy\" src=\"https:\/\/www.facebook.com\/plugins\/video.php?height=400&amp;href=https%3A%2F%2Fwww.facebook.com%2FSaliBerisha%2Fvideos%2F515590477907967%2F&amp;show_text=false&amp;width=560&amp;t=0\" width=\"560\" height=\"400\" frameborder=\"0\" scrolling=\"no\" allowfullscreen=\"allowfullscreen\" data-mce-fragment=\"1\"><\/iframe><\/p>\n<\/div>\n<div id=\"rekl-33\"><\/div>\n","protected":false},"excerpt":{"rendered":"<p>Kryetari i Partis\u00eb Demokratike, Sali Berisha ka ndar\u00eb n\u00eb rrjetin e tij social \u2018Facebook\u2019, nj\u00eb video t\u00eb shk\u00ebputur nga emisioni investigativ \u2018Stop\u2019. Teksa pyetet nga drejtuesi i emisionit se p\u00ebr k\u00eb duhet t\u00eb votosh, velina ia kthen:\u00a0Voto p\u00ebr Partin\u00eb Demokratike! Pjes\u00eb nga video Moderatori: Un\u00eb jam me&#8230; Velina: Me PS.. Moderatori: Voto p\u00ebr&#8230; Velina: P\u00ebr &hellip;<\/p>\n","protected":false},"author":4,"featured_media":106546,"comment_status":"closed","ping_status":"closed","sticky":false,"template":"","format":"standard","meta":{"footnotes":""},"categories":[37],"tags":[],"class_list":["post-106545","post","type-post","status-publish","format-standard","has-post-thumbnail","","category-politike"],"_links":{"self":[{"href":"https:\/\/rdnews.al\/index.php\/wp-json\/wp\/v2\/posts\/106545","targetHints":{"allow":["GET"]}}],"collection":[{"href":"https:\/\/rdnews.al\/index.php\/wp-json\/wp\/v2\/posts"}],"about":[{"href":"https:\/\/rdnews.al\/index.php\/wp-json\/wp\/v2\/types\/post"}],"author":[{"embeddable":true,"href":"https:\/\/rdnews.al\/index.php\/wp-json\/wp\/v2\/users\/4"}],"replies":[{"embeddable":true,"href":"https:\/\/rdnews.al\/index.php\/wp-json\/wp\/v2\/comments?post=106545"}],"version-history":[{"count":2,"href":"https:\/\/rdnews.al\/index.php\/wp-json\/wp\/v2\/posts\/106545\/revisions"}],"predecessor-version":[{"id":106548,"href":"https:\/\/rdnews.al\/index.php\/wp-json\/wp\/v2\/posts\/106545\/revisions\/106548"}],"wp:featuredmedia":[{"embeddable":true,"href":"https:\/\/rdnews.al\/index.php\/wp-json\/wp\/v2\/media\/106546"}],"wp:attachment":[{"href":"https:\/\/rdnews.al\/index.php\/wp-json\/wp\/v2\/media?parent=106545"}],"wp:term":[{"taxonomy":"category","embeddable":true,"href":"https:\/\/rdnews.al\/index.php\/wp-json\/wp\/v2\/categories?post=106545"},{"taxonomy":"post_tag","embeddable":true,"href":"https:\/\/rdnews.al\/index.php\/wp-json\/wp\/v2\/tags?post=106545"}],"curies":[{"name":"wp","href":"https:\/\/api.w.org\/{rel}","templated":true}]}}