{"id":106556,"date":"2025-03-06T11:57:38","date_gmt":"2025-03-06T11:57:38","guid":{"rendered":"https:\/\/rdnews.al\/?p=106556"},"modified":"2025-03-06T11:57:38","modified_gmt":"2025-03-06T11:57:38","slug":"berisha-meta-do-jete-ne-liste-te-sigurt-prania-e-tij-eshte-nxitje-per-kedo-qe-beson-te-nje-shqiperi-pa-te-burgosur-politike","status":"publish","type":"post","link":"https:\/\/rdnews.al\/index.php\/2025\/03\/06\/berisha-meta-do-jete-ne-liste-te-sigurt-prania-e-tij-eshte-nxitje-per-kedo-qe-beson-te-nje-shqiperi-pa-te-burgosur-politike\/","title":{"rendered":"Berisha: Meta do jet\u00eb n\u00eb list\u00eb t\u00eb sigurt, prania e tij \u00ebsht\u00eb nxitje p\u00ebr k\u00ebdo q\u00eb beson te nj\u00eb Shqip\u00ebri pa t\u00eb burgosur politik\u00eb"},"content":{"rendered":"<p>Kryetari i Partis\u00eb Demokratike, Sali Berisha n\u00eb nj\u00eb deklarat\u00eb p\u00ebr media t\u00eb mbajtur dit\u00ebn e sotme u shpreh se ,sot ish-presidenti, ish-kryeministri, ish-kryetari i parlamentit, Ilir Meta, i burgosur politik, do t\u00eb jet\u00eb n\u00eb lista t\u00eb sigurta t\u00eb PD dhe koalicionit, mbi votat dhe rezultatin elektoral t\u00eb Partis\u00eb s\u00eb Liris\u00eb dhe \u00a0se prania e tij n\u00eb lista \u00ebsht\u00eb nj\u00eb nxitje e madhe p\u00ebr t\u00eb gjith\u00eb shqiptar\u00ebt<\/p>\n<p><em>\u2018Nj\u00eb njeri i burgosur, t\u00eb cilin Edi Rama e mban n\u00eb burg p\u00ebr shkak t\u00eb frik\u00ebs dhe tmerrit q\u00eb ka, Edi Rama k\u00ebrkon t\u00eb marr\u00eb mandate duke burgosur kund\u00ebrshtar\u00ebt politik\u00eb, at\u00ebher\u00eb ai do t\u00eb jet\u00eb n\u00eb parlament dhe do t\u00eb jet\u00eb fitimtar<\/em>\u2019- tha Berisha.<\/p>\n<p>\u201cIlir Meta do t\u00eb jet\u00eb, sot ish-presidenti, ish-kryeministri, ish-kryetari i parlamentit, i burgosur politik, do t\u00eb jet\u00eb n\u00eb lista t\u00eb sigurta t\u00eb PD dhe koalicionit, mbi votat dhe rezultatin elektoral t\u00eb Partis\u00eb s\u00eb Liris\u00eb.<\/p>\n<p>Dhe jam i bindur se prania e tij n\u00eb lista \u00ebsht\u00eb nj\u00eb nxitje e madhe p\u00ebr t\u00eb gjith\u00eb shqiptar\u00ebt q\u00eb besojn\u00eb se nj\u00eb Shqip\u00ebri e lir\u00eb nuk ekziston me t\u00eb burgosur politik\u00eb dhe q\u00eb vler\u00ebsojn\u00eb kontributin e tij 30-vje\u00e7ar n\u00eb politik\u00eb&#8230;<\/p>\n<p>Jan\u00eb t\u00eb tjer\u00eb q\u00eb po merren me negociata, por un\u00eb mund t\u2019u konfirmoj ju se ai do jet\u00eb n\u00eb list\u00eb t\u00eb mbyllur.<\/p>\n<p>Dhe, mendoj se p\u00ebrderisa t\u00eb ekzistoj\u00eb k\u00ebt\u00eb list\u00eb, nuk mund t\u00eb ket\u00eb asnj\u00eb koment.<\/p>\n<p>Nj\u00eb njeri i burgosur, t\u00eb cilin Edi Rama e mban n\u00eb burg p\u00ebr shkak t\u00eb frik\u00ebs dhe tmerrit q\u00eb ka, Edi Rama k\u00ebrkon t\u00eb marr\u00eb mandate duke burgosur kund\u00ebrshtar\u00ebt politik\u00eb, at\u00ebher\u00eb ai do t\u00eb jet\u00eb n\u00eb parlament dhe do t\u00eb jet\u00eb fitimtar\u201d, tha Berisha.<\/p>\n","protected":false},"excerpt":{"rendered":"<p>Kryetari i Partis\u00eb Demokratike, Sali Berisha n\u00eb nj\u00eb deklarat\u00eb p\u00ebr media t\u00eb mbajtur dit\u00ebn e sotme u shpreh se ,sot ish-presidenti, ish-kryeministri, ish-kryetari i parlamentit, Ilir Meta, i burgosur politik, do t\u00eb jet\u00eb n\u00eb lista t\u00eb sigurta t\u00eb PD dhe koalicionit, mbi votat dhe rezultatin elektoral t\u00eb Partis\u00eb s\u00eb Liris\u00eb dhe \u00a0se prania e tij &hellip;<\/p>\n","protected":false},"author":4,"featured_media":106557,"comment_status":"closed","ping_status":"closed","sticky":false,"template":"","format":"standard","meta":{"footnotes":""},"categories":[37],"tags":[],"class_list":["post-106556","post","type-post","status-publish","format-standard","has-post-thumbnail","","category-politike"],"_links":{"self":[{"href":"https:\/\/rdnews.al\/index.php\/wp-json\/wp\/v2\/posts\/106556","targetHints":{"allow":["GET"]}}],"collection":[{"href":"https:\/\/rdnews.al\/index.php\/wp-json\/wp\/v2\/posts"}],"about":[{"href":"https:\/\/rdnews.al\/index.php\/wp-json\/wp\/v2\/types\/post"}],"author":[{"embeddable":true,"href":"https:\/\/rdnews.al\/index.php\/wp-json\/wp\/v2\/users\/4"}],"replies":[{"embeddable":true,"href":"https:\/\/rdnews.al\/index.php\/wp-json\/wp\/v2\/comments?post=106556"}],"version-history":[{"count":1,"href":"https:\/\/rdnews.al\/index.php\/wp-json\/wp\/v2\/posts\/106556\/revisions"}],"predecessor-version":[{"id":106558,"href":"https:\/\/rdnews.al\/index.php\/wp-json\/wp\/v2\/posts\/106556\/revisions\/106558"}],"wp:featuredmedia":[{"embeddable":true,"href":"https:\/\/rdnews.al\/index.php\/wp-json\/wp\/v2\/media\/106557"}],"wp:attachment":[{"href":"https:\/\/rdnews.al\/index.php\/wp-json\/wp\/v2\/media?parent=106556"}],"wp:term":[{"taxonomy":"category","embeddable":true,"href":"https:\/\/rdnews.al\/index.php\/wp-json\/wp\/v2\/categories?post=106556"},{"taxonomy":"post_tag","embeddable":true,"href":"https:\/\/rdnews.al\/index.php\/wp-json\/wp\/v2\/tags?post=106556"}],"curies":[{"name":"wp","href":"https:\/\/api.w.org\/{rel}","templated":true}]}}