{"id":106559,"date":"2025-03-06T12:01:04","date_gmt":"2025-03-06T12:01:04","guid":{"rendered":"https:\/\/rdnews.al\/?p=106559"},"modified":"2025-03-06T12:01:15","modified_gmt":"2025-03-06T12:01:15","slug":"106559","status":"publish","type":"post","link":"https:\/\/rdnews.al\/index.php\/2025\/03\/06\/106559\/","title":{"rendered":"Berisha: N\u00ebse Engj\u00ebll Aga\u00e7i ka b\u00ebr\u00eb t\u00eb s\u00ebmurin imagjinar, at\u00ebher\u00eb \u00ebsht\u00eb i pashpres\u00eb"},"content":{"rendered":"<p>Kryetati i PD, Sali Berisha n\u00eb vijim t\u00eb fjal\u00ebs s\u00eb tij, u shpreh n\u00eb lidhje me gjendjen sh\u00ebndet\u00ebsore t\u00eb Engj\u00ebll Aga\u00e7it, duke iu referuar mund\u00ebsis\u00eb q\u00eb ai t\u00eb ket\u00eb kaluar nj\u00eb operacion. Ai tha se, n\u00ebse Aga\u00e7i \u00ebsht\u00eb v\u00ebrtet i s\u00ebmur\u00eb i uron sh\u00ebrim t\u00eb plot\u00eb.<\/p>\n<p>\u201cKomenti im \u00ebsht\u00eb ky.<\/p>\n<p>N\u00eb rast se ai \u00ebsht\u00eb operuar, un\u00eb kam koment si p\u00ebr \u00e7do t\u00eb s\u00ebmur\u00eb: sh\u00ebrim t\u00eb plot\u00eb.<\/p>\n<p>N\u00eb rast se ai p\u00ebr llogari t\u00eb vetes dhe Edi Ram\u00ebs ka b\u00ebr\u00eb t\u00eb s\u00ebmurin imagjinar, at\u00ebher\u00eb ai \u00ebsht\u00eb i pashpres\u00eb\u201d, tha Berisha.<\/p>\n","protected":false},"excerpt":{"rendered":"<p>Kryetati i PD, Sali Berisha n\u00eb vijim t\u00eb fjal\u00ebs s\u00eb tij, u shpreh n\u00eb lidhje me gjendjen sh\u00ebndet\u00ebsore t\u00eb Engj\u00ebll Aga\u00e7it, duke iu referuar mund\u00ebsis\u00eb q\u00eb ai t\u00eb ket\u00eb kaluar nj\u00eb operacion. Ai tha se, n\u00ebse Aga\u00e7i \u00ebsht\u00eb v\u00ebrtet i s\u00ebmur\u00eb i uron sh\u00ebrim t\u00eb plot\u00eb. \u201cKomenti im \u00ebsht\u00eb ky. N\u00eb rast se ai \u00ebsht\u00eb &hellip;<\/p>\n","protected":false},"author":4,"featured_media":106560,"comment_status":"closed","ping_status":"closed","sticky":false,"template":"","format":"standard","meta":{"footnotes":""},"categories":[37],"tags":[],"class_list":["post-106559","post","type-post","status-publish","format-standard","has-post-thumbnail","","category-politike"],"_links":{"self":[{"href":"https:\/\/rdnews.al\/index.php\/wp-json\/wp\/v2\/posts\/106559","targetHints":{"allow":["GET"]}}],"collection":[{"href":"https:\/\/rdnews.al\/index.php\/wp-json\/wp\/v2\/posts"}],"about":[{"href":"https:\/\/rdnews.al\/index.php\/wp-json\/wp\/v2\/types\/post"}],"author":[{"embeddable":true,"href":"https:\/\/rdnews.al\/index.php\/wp-json\/wp\/v2\/users\/4"}],"replies":[{"embeddable":true,"href":"https:\/\/rdnews.al\/index.php\/wp-json\/wp\/v2\/comments?post=106559"}],"version-history":[{"count":2,"href":"https:\/\/rdnews.al\/index.php\/wp-json\/wp\/v2\/posts\/106559\/revisions"}],"predecessor-version":[{"id":106562,"href":"https:\/\/rdnews.al\/index.php\/wp-json\/wp\/v2\/posts\/106559\/revisions\/106562"}],"wp:featuredmedia":[{"embeddable":true,"href":"https:\/\/rdnews.al\/index.php\/wp-json\/wp\/v2\/media\/106560"}],"wp:attachment":[{"href":"https:\/\/rdnews.al\/index.php\/wp-json\/wp\/v2\/media?parent=106559"}],"wp:term":[{"taxonomy":"category","embeddable":true,"href":"https:\/\/rdnews.al\/index.php\/wp-json\/wp\/v2\/categories?post=106559"},{"taxonomy":"post_tag","embeddable":true,"href":"https:\/\/rdnews.al\/index.php\/wp-json\/wp\/v2\/tags?post=106559"}],"curies":[{"name":"wp","href":"https:\/\/api.w.org\/{rel}","templated":true}]}}