{"id":106569,"date":"2025-03-06T12:17:12","date_gmt":"2025-03-06T12:17:12","guid":{"rendered":"https:\/\/rdnews.al\/?p=106569"},"modified":"2025-03-06T12:17:28","modified_gmt":"2025-03-06T12:17:28","slug":"berisha-rama-nderron-fete-sa-here-martohet-po-fyen-kuranin-me-krijimin-e-shtetit-islamik-bektashi","status":"publish","type":"post","link":"https:\/\/rdnews.al\/index.php\/2025\/03\/06\/berisha-rama-nderron-fete-sa-here-martohet-po-fyen-kuranin-me-krijimin-e-shtetit-islamik-bektashi\/","title":{"rendered":"Rama nd\u00ebrron fet\u00eb sa her\u00eb martohet! Po fyen Kuranin me krijimin e shtetit islamik bektashi"},"content":{"rendered":"<p>Kryetari i PD, Sali Berisha n\u00eb deklarat\u00ebn p\u00ebr media t\u00eb mbajtur disa \u00e7aste m\u00eb par\u00eb u shpreh se nj\u00eb njeri si Edi Rama i cili ka nd\u00ebrruar fet\u00eb sa her\u00eb \u00ebsht\u00eb martuar,\u00a0do t\u00eb nd\u00ebrtoj\u00eb n\u00eb nj\u00eb an\u00eb citon Kuranin, n\u00eb an\u00ebn tjet\u00ebr thot\u00eb do krijoj\u00eb shtetin islamik bektashi.<\/p>\n<p>\u201cNj\u00eb njeri q\u00eb ka nd\u00ebrruar fet\u00eb sa her\u00eb \u00ebsht\u00eb martuar, ai \u00ebsht\u00eb politeist, ai nuk \u00ebsht\u00eb monoteist.<\/p>\n<p>Si mund t\u2019i besojm\u00eb ne atij? Dhe del tani, do t\u00eb nd\u00ebrtoj\u00eb n\u00eb nj\u00eb an\u00eb citon Kuranin, n\u00eb an\u00ebn tjet\u00ebr thot\u00eb do krijoj\u00eb shtetin islamik bektashi, ta gjej\u00eb n\u00eb Kuran ku ekziston kjo.<\/p>\n<p>Nuk ka fyerje m\u00eb t\u00eb r\u00ebnd\u00eb p\u00ebr Kuranin se sa kjo.<\/p>\n<p>Mos harro nj\u00eb gj\u00eb, Kurani \u00ebsht\u00eb fjala e Zotit, si\u00e7 e ka d\u00ebrguar i gjith\u00ebfuqishmi.<\/p>\n<p>Pra, ky edhe ato i p\u00ebrdor p\u00ebr propagand\u00eb, p\u00ebr q\u00ebllime elektorale.<\/p>\n<p>N\u00eb analiz\u00eb, nj\u00eb njeri q\u00eb \u00ebsht\u00eb konvertuar disa her\u00eb, \u00ebsht\u00eb politeist\u201d, tha Berisha.<\/p>\n","protected":false},"excerpt":{"rendered":"<p>Kryetari i PD, Sali Berisha n\u00eb deklarat\u00ebn p\u00ebr media t\u00eb mbajtur disa \u00e7aste m\u00eb par\u00eb u shpreh se nj\u00eb njeri si Edi Rama i cili ka nd\u00ebrruar fet\u00eb sa her\u00eb \u00ebsht\u00eb martuar,\u00a0do t\u00eb nd\u00ebrtoj\u00eb n\u00eb nj\u00eb an\u00eb citon Kuranin, n\u00eb an\u00ebn tjet\u00ebr thot\u00eb do krijoj\u00eb shtetin islamik bektashi. \u201cNj\u00eb njeri q\u00eb ka nd\u00ebrruar fet\u00eb sa &hellip;<\/p>\n","protected":false},"author":4,"featured_media":106570,"comment_status":"closed","ping_status":"closed","sticky":false,"template":"","format":"standard","meta":{"footnotes":""},"categories":[37],"tags":[],"class_list":["post-106569","post","type-post","status-publish","format-standard","has-post-thumbnail","","category-politike"],"_links":{"self":[{"href":"https:\/\/rdnews.al\/index.php\/wp-json\/wp\/v2\/posts\/106569","targetHints":{"allow":["GET"]}}],"collection":[{"href":"https:\/\/rdnews.al\/index.php\/wp-json\/wp\/v2\/posts"}],"about":[{"href":"https:\/\/rdnews.al\/index.php\/wp-json\/wp\/v2\/types\/post"}],"author":[{"embeddable":true,"href":"https:\/\/rdnews.al\/index.php\/wp-json\/wp\/v2\/users\/4"}],"replies":[{"embeddable":true,"href":"https:\/\/rdnews.al\/index.php\/wp-json\/wp\/v2\/comments?post=106569"}],"version-history":[{"count":2,"href":"https:\/\/rdnews.al\/index.php\/wp-json\/wp\/v2\/posts\/106569\/revisions"}],"predecessor-version":[{"id":106573,"href":"https:\/\/rdnews.al\/index.php\/wp-json\/wp\/v2\/posts\/106569\/revisions\/106573"}],"wp:featuredmedia":[{"embeddable":true,"href":"https:\/\/rdnews.al\/index.php\/wp-json\/wp\/v2\/media\/106570"}],"wp:attachment":[{"href":"https:\/\/rdnews.al\/index.php\/wp-json\/wp\/v2\/media?parent=106569"}],"wp:term":[{"taxonomy":"category","embeddable":true,"href":"https:\/\/rdnews.al\/index.php\/wp-json\/wp\/v2\/categories?post=106569"},{"taxonomy":"post_tag","embeddable":true,"href":"https:\/\/rdnews.al\/index.php\/wp-json\/wp\/v2\/tags?post=106569"}],"curies":[{"name":"wp","href":"https:\/\/api.w.org\/{rel}","templated":true}]}}