{"id":106571,"date":"2025-03-06T12:17:50","date_gmt":"2025-03-06T12:17:50","guid":{"rendered":"https:\/\/rdnews.al\/?p=106571"},"modified":"2025-03-06T12:19:21","modified_gmt":"2025-03-06T12:19:21","slug":"proteste-para-kryeministrise-kunder-censures-dhe-mbylljes-se-tik-tok-me-15-mars","status":"publish","type":"post","link":"https:\/\/rdnews.al\/index.php\/2025\/03\/06\/proteste-para-kryeministrise-kunder-censures-dhe-mbylljes-se-tik-tok-me-15-mars\/","title":{"rendered":"Protest\u00eb kund\u00ebr censur\u00ebs dhe mbylljes s\u00eb Tik Tok me 15 mars para Kryeministris\u00eb"},"content":{"rendered":"<p>Kryetari i PD, Sali Berisha, ka thirrur nj\u00eb perotest\u00eb t\u00eb t\u00eb rnjve kund\u00ebr censur\u00ebs dhe mbylljes s\u00eb Tik-Tok nga Rama me 15 mars.<\/p>\n<p>\u201cFtoj t\u00eb gjith\u00eb gjimnazist\u00ebt, t\u00eb rinjt\u00eb qytetar\u00ebt, t\u00eb marrin pjes\u00eb n\u00eb protest\u00eb komb\u00ebtare m\u00eb 15 mars para Kryeministris\u00eb. K\u00ebrkohet anulimi i menj\u00ebhersh\u00ebm i vendimit p\u00ebr censur\u00ebn dhe bllokimin e TikTok. Ftoj prind\u00ebrit dhe t\u00eb rinjt\u00eb t\u00eb mos b\u00ebhen viktim\u00eb e mashtrimit banal e t\u00eb pacip\u00eb t\u00eb Ram\u00ebs. Vdekja e vrasja tragjike e Martin Canit n\u00eb dyert e shkoll\u00ebs nuk kishte asnj\u00eb lidhje me TikTok-un. Martini dhe autori nuk kishin llogari n\u00eb Tik Tok\u201d, tha Berisha.<\/p>\n<p>Berisha ka reaguar n\u00eb lidhje me vendimin p\u00ebr mbylljen e aplikacionit TikTok.<\/p>\n<p>N\u00eb nj\u00eb dalje urgjente p\u00ebr mediat ai ka sqaruar se vendimi \u00ebsht\u00eb nj\u00eb akt i past\u00ebr censure.<\/p>\n<p>I pyetur nga mediat n\u00ebse \u00e7\u00ebshtja do t\u00eb d\u00ebrgohet n\u00eb Gjykat\u00ebn Kushtetuese nga Partia Demokratike, Berisha u shpreh se kjo \u00ebsht\u00eb nj\u00eb \u00e7\u00ebshtje q\u00eb zgjidhet nga t\u00eb rinjt\u00eb dhe p\u00ebrdoruesit e TikTok.<\/p>\n","protected":false},"excerpt":{"rendered":"<p>Kryetari i PD, Sali Berisha, ka thirrur nj\u00eb perotest\u00eb t\u00eb t\u00eb rnjve kund\u00ebr censur\u00ebs dhe mbylljes s\u00eb Tik-Tok nga Rama me 15 mars. \u201cFtoj t\u00eb gjith\u00eb gjimnazist\u00ebt, t\u00eb rinjt\u00eb qytetar\u00ebt, t\u00eb marrin pjes\u00eb n\u00eb protest\u00eb komb\u00ebtare m\u00eb 15 mars para Kryeministris\u00eb. K\u00ebrkohet anulimi i menj\u00ebhersh\u00ebm i vendimit p\u00ebr censur\u00ebn dhe bllokimin e TikTok. Ftoj prind\u00ebrit &hellip;<\/p>\n","protected":false},"author":3,"featured_media":17251,"comment_status":"closed","ping_status":"closed","sticky":false,"template":"","format":"standard","meta":{"footnotes":""},"categories":[37],"tags":[],"class_list":["post-106571","post","type-post","status-publish","format-standard","has-post-thumbnail","","category-politike"],"_links":{"self":[{"href":"https:\/\/rdnews.al\/index.php\/wp-json\/wp\/v2\/posts\/106571","targetHints":{"allow":["GET"]}}],"collection":[{"href":"https:\/\/rdnews.al\/index.php\/wp-json\/wp\/v2\/posts"}],"about":[{"href":"https:\/\/rdnews.al\/index.php\/wp-json\/wp\/v2\/types\/post"}],"author":[{"embeddable":true,"href":"https:\/\/rdnews.al\/index.php\/wp-json\/wp\/v2\/users\/3"}],"replies":[{"embeddable":true,"href":"https:\/\/rdnews.al\/index.php\/wp-json\/wp\/v2\/comments?post=106571"}],"version-history":[{"count":2,"href":"https:\/\/rdnews.al\/index.php\/wp-json\/wp\/v2\/posts\/106571\/revisions"}],"predecessor-version":[{"id":106575,"href":"https:\/\/rdnews.al\/index.php\/wp-json\/wp\/v2\/posts\/106571\/revisions\/106575"}],"wp:featuredmedia":[{"embeddable":true,"href":"https:\/\/rdnews.al\/index.php\/wp-json\/wp\/v2\/media\/17251"}],"wp:attachment":[{"href":"https:\/\/rdnews.al\/index.php\/wp-json\/wp\/v2\/media?parent=106571"}],"wp:term":[{"taxonomy":"category","embeddable":true,"href":"https:\/\/rdnews.al\/index.php\/wp-json\/wp\/v2\/categories?post=106571"},{"taxonomy":"post_tag","embeddable":true,"href":"https:\/\/rdnews.al\/index.php\/wp-json\/wp\/v2\/tags?post=106571"}],"curies":[{"name":"wp","href":"https:\/\/api.w.org\/{rel}","templated":true}]}}