{"id":106576,"date":"2025-03-06T12:22:57","date_gmt":"2025-03-06T12:22:57","guid":{"rendered":"https:\/\/rdnews.al\/?p=106576"},"modified":"2025-03-06T12:27:02","modified_gmt":"2025-03-06T12:27:02","slug":"regjimi-mbyll-tiktok-un-8-jave-para-zgjedhjeve","status":"publish","type":"post","link":"https:\/\/rdnews.al\/index.php\/2025\/03\/06\/regjimi-mbyll-tiktok-un-8-jave-para-zgjedhjeve\/","title":{"rendered":"Regjimi mbyll TikTok-un, 8 jav\u00eb para zgjedhjeve"},"content":{"rendered":"<p>Rama ka vendosur t\u00eb mbyll\u00eb rrjetin social m\u00eb popullor n\u00eb bot\u00eb TikTok vet\u00ebm 8 jav\u00eb para dit\u00ebs s\u00eb zgjedhjeve. Vendimi \u00ebsht\u00eb nj\u00eb tjet\u00ebr hap i regjimit p\u00ebr t\u00eb shtrir\u00eb censur\u00ebn n\u00eb rrjetet sociale.<\/p>\n<p>Ministrja e Arsimit Ogerta Manastirliu ka deklaruar se qeveria, pas konsultimeve me prind\u00ebrit, ka marr\u00eb vendimin p\u00ebr marrjen e masave t\u00eb p\u00ebrkohshme p\u00ebr shmangien e ndikimeve negative t\u00eb TikTok.<\/p>\n<p>N\u00eb nj\u00eb deklarat\u00eb p\u00ebr mediat pas mbledhjes s\u00eb K\u00ebshillit t\u00eb Ministrave, ajo ka b\u00ebr\u00eb me dije se qeveria ka rekomanduar mbylljen apo kufizimin e aksesit p\u00ebr TikTok p\u00ebr 12 muaj, periudh\u00eb kjo q\u00eb sipas ministres do t\u00eb sh\u00ebrbej\u00eb p\u00ebr marrjen e masave n\u00eb bashk\u00ebrendim me p\u00ebrfaq\u00ebsuesit e TikTok.<\/p>\n","protected":false},"excerpt":{"rendered":"<p>Rama ka vendosur t\u00eb mbyll\u00eb rrjetin social m\u00eb popullor n\u00eb bot\u00eb TikTok vet\u00ebm 8 jav\u00eb para dit\u00ebs s\u00eb zgjedhjeve. Vendimi \u00ebsht\u00eb nj\u00eb tjet\u00ebr hap i regjimit p\u00ebr t\u00eb shtrir\u00eb censur\u00ebn n\u00eb rrjetet sociale. Ministrja e Arsimit Ogerta Manastirliu ka deklaruar se qeveria, pas konsultimeve me prind\u00ebrit, ka marr\u00eb vendimin p\u00ebr marrjen e masave t\u00eb p\u00ebrkohshme &hellip;<\/p>\n","protected":false},"author":3,"featured_media":106578,"comment_status":"closed","ping_status":"closed","sticky":false,"template":"","format":"standard","meta":{"footnotes":""},"categories":[37],"tags":[],"class_list":["post-106576","post","type-post","status-publish","format-standard","has-post-thumbnail","","category-politike"],"_links":{"self":[{"href":"https:\/\/rdnews.al\/index.php\/wp-json\/wp\/v2\/posts\/106576","targetHints":{"allow":["GET"]}}],"collection":[{"href":"https:\/\/rdnews.al\/index.php\/wp-json\/wp\/v2\/posts"}],"about":[{"href":"https:\/\/rdnews.al\/index.php\/wp-json\/wp\/v2\/types\/post"}],"author":[{"embeddable":true,"href":"https:\/\/rdnews.al\/index.php\/wp-json\/wp\/v2\/users\/3"}],"replies":[{"embeddable":true,"href":"https:\/\/rdnews.al\/index.php\/wp-json\/wp\/v2\/comments?post=106576"}],"version-history":[{"count":2,"href":"https:\/\/rdnews.al\/index.php\/wp-json\/wp\/v2\/posts\/106576\/revisions"}],"predecessor-version":[{"id":106582,"href":"https:\/\/rdnews.al\/index.php\/wp-json\/wp\/v2\/posts\/106576\/revisions\/106582"}],"wp:featuredmedia":[{"embeddable":true,"href":"https:\/\/rdnews.al\/index.php\/wp-json\/wp\/v2\/media\/106578"}],"wp:attachment":[{"href":"https:\/\/rdnews.al\/index.php\/wp-json\/wp\/v2\/media?parent=106576"}],"wp:term":[{"taxonomy":"category","embeddable":true,"href":"https:\/\/rdnews.al\/index.php\/wp-json\/wp\/v2\/categories?post=106576"},{"taxonomy":"post_tag","embeddable":true,"href":"https:\/\/rdnews.al\/index.php\/wp-json\/wp\/v2\/tags?post=106576"}],"curies":[{"name":"wp","href":"https:\/\/api.w.org\/{rel}","templated":true}]}}