{"id":106577,"date":"2025-03-06T12:24:00","date_gmt":"2025-03-06T12:24:00","guid":{"rendered":"https:\/\/rdnews.al\/?p=106577"},"modified":"2025-03-06T12:24:00","modified_gmt":"2025-03-06T12:24:00","slug":"berisha-rama-eshte-ne-kome-politike-nuk-guxon-te-paraqese-nje-program-para-shqiptareve","status":"publish","type":"post","link":"https:\/\/rdnews.al\/index.php\/2025\/03\/06\/berisha-rama-eshte-ne-kome-politike-nuk-guxon-te-paraqese-nje-program-para-shqiptareve\/","title":{"rendered":"Berisha: Rama \u00ebsht\u00eb n\u00eb kom\u00eb politike, nuk guxon t\u00eb paraqes\u00eb nj\u00eb program para shqiptar\u00ebve"},"content":{"rendered":"<p>Kryetari i PD, Sali Berisha ka vazhduar akuzat ndaj Edi Ram\u00ebs, duke e cil\u00ebsuar at\u00eb si nj\u00eb njeri q\u00eb po jeton n\u00eb nj\u00eb \u201ckom\u00eb politike\u201d. Ai theksoi se nj\u00eb lider q\u00eb ndodhet n\u00eb k\u00ebt\u00eb gjendje nuk duhet t\u00eb marr\u00eb v\u00ebmendjen e publikut.<\/p>\n<p>&#8220;Tani, ai komenti im \u00ebsht\u00eb q\u00eb ai po jeton nj\u00eb kom\u00eb politike.<\/p>\n<p>Njeriu n\u00eb kom\u00eb politik\u00eb, nuk duhet t\u00eb kemi asnj\u00eb lloj v\u00ebmendje p\u00ebr t\u00eb.<br \/>\nFakti q\u00eb nuk guxon t\u00eb paraqes\u00eb nj\u00eb program para shqiptar\u00ebve, d\u00ebshmon se Edi Rama \u00ebsht\u00eb e shkuara e k\u00ebtij vendi\u201d, tha Berisha.<\/p>\n","protected":false},"excerpt":{"rendered":"<p>Kryetari i PD, Sali Berisha ka vazhduar akuzat ndaj Edi Ram\u00ebs, duke e cil\u00ebsuar at\u00eb si nj\u00eb njeri q\u00eb po jeton n\u00eb nj\u00eb \u201ckom\u00eb politike\u201d. Ai theksoi se nj\u00eb lider q\u00eb ndodhet n\u00eb k\u00ebt\u00eb gjendje nuk duhet t\u00eb marr\u00eb v\u00ebmendjen e publikut. &#8220;Tani, ai komenti im \u00ebsht\u00eb q\u00eb ai po jeton nj\u00eb kom\u00eb politike. Njeriu &hellip;<\/p>\n","protected":false},"author":4,"featured_media":106580,"comment_status":"closed","ping_status":"closed","sticky":false,"template":"","format":"standard","meta":{"footnotes":""},"categories":[37],"tags":[],"class_list":["post-106577","post","type-post","status-publish","format-standard","has-post-thumbnail","","category-politike"],"_links":{"self":[{"href":"https:\/\/rdnews.al\/index.php\/wp-json\/wp\/v2\/posts\/106577","targetHints":{"allow":["GET"]}}],"collection":[{"href":"https:\/\/rdnews.al\/index.php\/wp-json\/wp\/v2\/posts"}],"about":[{"href":"https:\/\/rdnews.al\/index.php\/wp-json\/wp\/v2\/types\/post"}],"author":[{"embeddable":true,"href":"https:\/\/rdnews.al\/index.php\/wp-json\/wp\/v2\/users\/4"}],"replies":[{"embeddable":true,"href":"https:\/\/rdnews.al\/index.php\/wp-json\/wp\/v2\/comments?post=106577"}],"version-history":[{"count":1,"href":"https:\/\/rdnews.al\/index.php\/wp-json\/wp\/v2\/posts\/106577\/revisions"}],"predecessor-version":[{"id":106581,"href":"https:\/\/rdnews.al\/index.php\/wp-json\/wp\/v2\/posts\/106577\/revisions\/106581"}],"wp:featuredmedia":[{"embeddable":true,"href":"https:\/\/rdnews.al\/index.php\/wp-json\/wp\/v2\/media\/106580"}],"wp:attachment":[{"href":"https:\/\/rdnews.al\/index.php\/wp-json\/wp\/v2\/media?parent=106577"}],"wp:term":[{"taxonomy":"category","embeddable":true,"href":"https:\/\/rdnews.al\/index.php\/wp-json\/wp\/v2\/categories?post=106577"},{"taxonomy":"post_tag","embeddable":true,"href":"https:\/\/rdnews.al\/index.php\/wp-json\/wp\/v2\/tags?post=106577"}],"curies":[{"name":"wp","href":"https:\/\/api.w.org\/{rel}","templated":true}]}}