{"id":106601,"date":"2025-03-06T17:49:04","date_gmt":"2025-03-06T17:49:04","guid":{"rendered":"https:\/\/rdnews.al\/?p=106601"},"modified":"2025-03-06T17:49:04","modified_gmt":"2025-03-06T17:49:04","slug":"kellici-dy-pyetje-publike-per-ulsi-manjen","status":"publish","type":"post","link":"https:\/\/rdnews.al\/index.php\/2025\/03\/06\/kellici-dy-pyetje-publike-per-ulsi-manjen\/","title":{"rendered":"K\u00eblli\u00e7i: Dy pyetje publike p\u00ebr Ulsi Manj\u00ebn"},"content":{"rendered":"<p>Drejtuesi politik i PD p\u00ebr Tiran\u00ebn, Belind K\u00eblli\u00e7i i \u00ebsht\u00eb drejtuar ministrit t\u00eb Drejt\u00ebsis\u00eb, Ulsi Manja me nj\u00eb pyetje publike p\u00ebr takimin e tij me Erion Veliajn n\u00eb qeli.<\/p>\n<p>K\u00eblli\u00e7i e ka pyetur se cilat jan\u00eb mesazhet q\u00eb i ka p\u00ebrcjell\u00eb Manja-Veliajt.<\/p>\n<p>\u201cPyetje publike p\u00ebr Ulsi Manj\u00ebn!<\/p>\n<p>E p\u00ebrg\u00ebnjeshtron dot takimin n\u00eb ambjentet e burgut t\u00eb Durr\u00ebsit me Erion Veliajn?!<\/p>\n<p>Cilat ishin mesazhet q\u00eb i p\u00ebrcolle n\u00eb em\u00ebr t\u00eb kreut t\u00eb organizat\u00ebs?!\u201d, shkruan K\u00eblli\u00e7i.<\/p>\n","protected":false},"excerpt":{"rendered":"<p>Drejtuesi politik i PD p\u00ebr Tiran\u00ebn, Belind K\u00eblli\u00e7i i \u00ebsht\u00eb drejtuar ministrit t\u00eb Drejt\u00ebsis\u00eb, Ulsi Manja me nj\u00eb pyetje publike p\u00ebr takimin e tij me Erion Veliajn n\u00eb qeli. K\u00eblli\u00e7i e ka pyetur se cilat jan\u00eb mesazhet q\u00eb i ka p\u00ebrcjell\u00eb Manja-Veliajt. \u201cPyetje publike p\u00ebr Ulsi Manj\u00ebn! E p\u00ebrg\u00ebnjeshtron dot takimin n\u00eb ambjentet e burgut &hellip;<\/p>\n","protected":false},"author":4,"featured_media":106534,"comment_status":"closed","ping_status":"closed","sticky":false,"template":"","format":"standard","meta":{"footnotes":""},"categories":[37],"tags":[],"class_list":["post-106601","post","type-post","status-publish","format-standard","has-post-thumbnail","","category-politike"],"_links":{"self":[{"href":"https:\/\/rdnews.al\/index.php\/wp-json\/wp\/v2\/posts\/106601","targetHints":{"allow":["GET"]}}],"collection":[{"href":"https:\/\/rdnews.al\/index.php\/wp-json\/wp\/v2\/posts"}],"about":[{"href":"https:\/\/rdnews.al\/index.php\/wp-json\/wp\/v2\/types\/post"}],"author":[{"embeddable":true,"href":"https:\/\/rdnews.al\/index.php\/wp-json\/wp\/v2\/users\/4"}],"replies":[{"embeddable":true,"href":"https:\/\/rdnews.al\/index.php\/wp-json\/wp\/v2\/comments?post=106601"}],"version-history":[{"count":1,"href":"https:\/\/rdnews.al\/index.php\/wp-json\/wp\/v2\/posts\/106601\/revisions"}],"predecessor-version":[{"id":106602,"href":"https:\/\/rdnews.al\/index.php\/wp-json\/wp\/v2\/posts\/106601\/revisions\/106602"}],"wp:featuredmedia":[{"embeddable":true,"href":"https:\/\/rdnews.al\/index.php\/wp-json\/wp\/v2\/media\/106534"}],"wp:attachment":[{"href":"https:\/\/rdnews.al\/index.php\/wp-json\/wp\/v2\/media?parent=106601"}],"wp:term":[{"taxonomy":"category","embeddable":true,"href":"https:\/\/rdnews.al\/index.php\/wp-json\/wp\/v2\/categories?post=106601"},{"taxonomy":"post_tag","embeddable":true,"href":"https:\/\/rdnews.al\/index.php\/wp-json\/wp\/v2\/tags?post=106601"}],"curies":[{"name":"wp","href":"https:\/\/api.w.org\/{rel}","templated":true}]}}