{"id":106605,"date":"2025-03-06T18:06:44","date_gmt":"2025-03-06T18:06:44","guid":{"rendered":"https:\/\/rdnews.al\/?p=106605"},"modified":"2025-03-06T18:06:44","modified_gmt":"2025-03-06T18:06:44","slug":"berisha-me-ekspertin-gjerman-te-komunikimit-mbyllja-e-tik-tok-vendim-taleban-i-rames","status":"publish","type":"post","link":"https:\/\/rdnews.al\/index.php\/2025\/03\/06\/berisha-me-ekspertin-gjerman-te-komunikimit-mbyllja-e-tik-tok-vendim-taleban-i-rames\/","title":{"rendered":"Berisha me ekspertin gjerman t\u00eb komunikimit: Mbyllja e Tik Tok vendim taleban i Ram\u00ebs"},"content":{"rendered":"<p>Kryetari i PD, Sali Berisha ka pritur dit\u00ebn e sotme ekspertin gjerman t\u00eb komunikimit, Rene Falkner, i cili ndodhet n\u00eb Tiran\u00eb p\u00ebr t\u00eb ofruar ndihm\u00ebn e tij PD-s\u00eb p\u00ebr ngritjen e kapaciteteve t\u00eb saj.<\/p>\n<p>N\u00eb nj\u00eb postim n\u00eb Facebook, Berisha shkruan se, prania e ekspertit gjerman kooncidoi me vendimin e Edi Ram\u00ebs p\u00ebr t\u00eb mbyllur Tik Tokun.<\/p>\n<p><strong>Postimi i kreut t\u00eb PD, Berisha<\/strong><\/p>\n<p>K\u00ebnaq\u00ebsi t\u00eb prisja n\u00eb takim Rene Falkner, ekspert gjerman i komunikimit politik si dhe Klaudja Zerva, koordinatore pran\u00eb Fondacionit t\u00eb CDU-s\u00eb gjermane Konrad Adenauer-KAS.<\/p>\n<p>Falkner ka ardhur n\u00eb Tiran\u00eb n\u00eb kuad\u00ebr t\u00eb mb\u00ebshtetjes q\u00eb KAS po i ofron Partis\u00eb Demokratike n\u00eb ngritjen e kapaciteteve t\u00eb saj. Si nj\u00eb ekspert i rrjeteve sociale dhe inteligjenc\u00ebs artificiale, Falkner zhvilloi nj\u00eb nd\u00ebrhyrje dy ditore mbi strategjit\u00eb dhe praktikat m\u00eb t\u00eb mira europiane dhe gjermane n\u00eb zhvillimin e fushatave zgjedhore<\/p>\n<p>U shpreha fal\u00ebnderimin m\u00eb t\u00eb thell\u00eb n\u00eb em\u00ebr t\u00eb Partis\u00eb Demokratike ndihm\u00ebs q\u00eb KAS dhe CDU po ofrojn\u00eb n\u00eb konsultimin e programit qeveris\u00ebs s\u00eb PD-s\u00eb si dhe promovimin e praktikave m\u00eb t\u00eb mira europiane.<\/p>\n<p>Rast\u00ebsi fatkeqe dhe prov\u00eb e klim\u00ebs autoritare q\u00eb p\u00ebrjeton Shqip\u00ebria sot, vizita e Z.Falkner korrespondon me vendimin e paprecedent\u00eb t\u00eb Edi Ram\u00ebs n\u00eb mbylljen e TikTok-ut. Nj\u00eb vendim i nd\u00ebrmarr\u00eb mbi nj\u00eb baz\u00eb t\u00ebr\u00ebsisht t\u00eb rrem\u00eb dhe q\u00eb pasqyron mentalitetin taleban t\u00eb Ram\u00ebs kundra fjal\u00ebs s\u00eb lir\u00eb t\u00eb shqiptar\u00ebve.<\/p>\n<p>Partia Demokratike angazhohet q\u00eb pas 11 majit dhe ardhjes s\u00eb saj n\u00eb pushtet, do t\u00eb rikthej\u00eb TikTok-un n\u00eb Shqip\u00ebri duke mbrojtur shenjt\u00ebrin\u00eb e liris\u00eb s\u00eb fjal\u00ebs, si n\u00eb mediat tradicionale dhe n\u00eb ve\u00e7anti n\u00eb rrjetet sociale alternative.<\/p>\n","protected":false},"excerpt":{"rendered":"<p>Kryetari i PD, Sali Berisha ka pritur dit\u00ebn e sotme ekspertin gjerman t\u00eb komunikimit, Rene Falkner, i cili ndodhet n\u00eb Tiran\u00eb p\u00ebr t\u00eb ofruar ndihm\u00ebn e tij PD-s\u00eb p\u00ebr ngritjen e kapaciteteve t\u00eb saj. N\u00eb nj\u00eb postim n\u00eb Facebook, Berisha shkruan se, prania e ekspertit gjerman kooncidoi me vendimin e Edi Ram\u00ebs p\u00ebr t\u00eb mbyllur &hellip;<\/p>\n","protected":false},"author":4,"featured_media":106606,"comment_status":"closed","ping_status":"closed","sticky":false,"template":"","format":"standard","meta":{"footnotes":""},"categories":[37],"tags":[],"class_list":["post-106605","post","type-post","status-publish","format-standard","has-post-thumbnail","","category-politike"],"_links":{"self":[{"href":"https:\/\/rdnews.al\/index.php\/wp-json\/wp\/v2\/posts\/106605","targetHints":{"allow":["GET"]}}],"collection":[{"href":"https:\/\/rdnews.al\/index.php\/wp-json\/wp\/v2\/posts"}],"about":[{"href":"https:\/\/rdnews.al\/index.php\/wp-json\/wp\/v2\/types\/post"}],"author":[{"embeddable":true,"href":"https:\/\/rdnews.al\/index.php\/wp-json\/wp\/v2\/users\/4"}],"replies":[{"embeddable":true,"href":"https:\/\/rdnews.al\/index.php\/wp-json\/wp\/v2\/comments?post=106605"}],"version-history":[{"count":1,"href":"https:\/\/rdnews.al\/index.php\/wp-json\/wp\/v2\/posts\/106605\/revisions"}],"predecessor-version":[{"id":106607,"href":"https:\/\/rdnews.al\/index.php\/wp-json\/wp\/v2\/posts\/106605\/revisions\/106607"}],"wp:featuredmedia":[{"embeddable":true,"href":"https:\/\/rdnews.al\/index.php\/wp-json\/wp\/v2\/media\/106606"}],"wp:attachment":[{"href":"https:\/\/rdnews.al\/index.php\/wp-json\/wp\/v2\/media?parent=106605"}],"wp:term":[{"taxonomy":"category","embeddable":true,"href":"https:\/\/rdnews.al\/index.php\/wp-json\/wp\/v2\/categories?post=106605"},{"taxonomy":"post_tag","embeddable":true,"href":"https:\/\/rdnews.al\/index.php\/wp-json\/wp\/v2\/tags?post=106605"}],"curies":[{"name":"wp","href":"https:\/\/api.w.org\/{rel}","templated":true}]}}