{"id":106619,"date":"2025-03-06T19:17:41","date_gmt":"2025-03-06T19:17:41","guid":{"rendered":"https:\/\/rdnews.al\/?p=106619"},"modified":"2025-03-06T19:27:06","modified_gmt":"2025-03-06T19:27:06","slug":"berisha-programi-yne-do-ta-transformoje-me-shpejtesi-shume-te-madhe-shqiperine","status":"publish","type":"post","link":"https:\/\/rdnews.al\/index.php\/2025\/03\/06\/berisha-programi-yne-do-ta-transformoje-me-shpejtesi-shume-te-madhe-shqiperine\/","title":{"rendered":"Berisha: Programi yn\u00eb do ta transformoj\u00eb me shpejt\u00ebsi shum\u00eb t\u00eb madhe Shqip\u00ebrin\u00eb"},"content":{"rendered":"<p>Lideri i opozit\u00ebs, Sali Berisha premtoi se me ardhjen e PD n\u00eb pushtet, programi i saj do ta transformoj\u00eb me shpejt\u00ebsi shum\u00eb t\u00eb madhe Shqip\u00ebrin\u00eb.<\/p>\n<p>N\u00eb takimin me strukturat n\u00eb Durr\u00ebs, Berisha theksoi se, t\u00eb gjitha premtimet e PD-s\u00eb do t\u00eb arrihen brenda 3 muajve t\u00eb par\u00eb t\u00eb ardhjes n\u00eb pushtet.<\/p>\n<p>\u201cE kund\u00ebrta k\u00ebtej nga ne.<\/p>\n<p>Ne kemi nj\u00eb program, miq, ky \u00ebsht\u00eb programi m\u00eb madh\u00ebshtor q\u00eb ka njohur Shqip\u00ebria dhe ju garantoj ju dhe \u00e7do qytetar se, n\u00ebse ky program nuk do t\u00eb ishte madh\u00ebshtor, n\u00ebse ky program nuk do t\u00eb b\u00ebnte Shqip\u00ebrin\u00eb madh\u00ebshtore, kurr\u00eb nuk t\u00eb kishim nj\u00eb pretendim t\u00eb till\u00eb dhe nuk do t\u00eb shpreheshim n\u00eb k\u00ebt\u00eb m\u00ebnyr\u00eb.<\/p>\n<p>Ne k\u00ebt\u00eb program e kemi shum\u00eb konkret, dhe e kemi nj\u00eb program shum\u00eb t\u00eb shpejt\u00eb, me t\u00eb cilin ne transformojm\u00eb me shpejt\u00ebsi shum\u00eb t\u00eb madhe Shqip\u00ebrin\u00eb.<\/p>\n<p>S\u00eb pari, n\u00eb 3 muaj e par\u00eb ne bejm\u00eb q\u00eb asnj\u00eb qytetar shqiptar t\u00eb mos jet\u00eb n\u00eb varf\u00ebri ekstreme, asnj\u00eb. N\u00eb vitin 2013, nga studimet q\u00eb b\u00ebm\u00eb nga dol\u00ebn q\u00eb kishim 15 mij\u00eb familje n\u00eb varf\u00ebri ekstreme. I regjistruam me q\u00ebllimin e vet\u00ebm q\u00eb ta zhduknim, tu jepnim shum\u00ebn e parave \u00e7do muaj me t\u00eb cilat nuk ishin m\u00eb. Asnj\u00eb vend i lir\u00eb nuk ka varf\u00ebri ekstreme, asnj\u00eb vend an\u00ebtar i BE-s\u00eb, nuk lejon varf\u00ebrin\u00eb ekstreme sepse u jep qytetar\u00ebve.<\/p>\n<p>Kur b\u00ebhet shp\u00ebrndarja e t\u00eb ardhurave, kujdeset q\u00eb askush t\u00eb mos jet\u00eb n\u00eb mjerim. K\u00ebshtu q\u00eb ne b\u00ebm\u00eb regjistrin e tyre. Humb\u00ebm pushtetin dhe ata jo vet\u00ebm q\u00eb nuk u zvog\u00ebluan, por u trefishuan me statistika dhe u shum\u00ebfishuan pastaj, ne konceptin relativ nga 12 ka arritur n\u00eb 42%.<\/p>\n<p>\u00c7far\u00eb do t\u00eb b\u00ebjm\u00eb ne? Ne i kemi shpallur, do t\u00eb shp\u00ebrndajm\u00eb buxhetin krejt\u00ebsisht ndryshe. Buxheti n\u00eb radh\u00eb t\u00eb par\u00eb do t\u00eb ndaj\u00eb paket\u00ebn e emergjenc\u00ebs, do t\u00eb vendosim minimumin jetik 200 euro, do rrisim pensionet, nuk do t\u00eb ket\u00eb pension n\u00ebn 200 euro, do rrisim pensionet me 20%. Nuk do t\u00eb ket\u00eb rrog\u00eb minimale nd\u00ebn 500 euro. Rroga mesatare do t\u00eb shkoj\u00eb n\u00eb 1200 euro dhe p\u00ebrve\u00e7 k\u00ebsaj, \u00e7do pensionisti, \u00e7do rrog\u00eb ul\u00ebti do ti japim kart\u00ebn e konsumatorit me t\u00eb cil\u00ebn atij do ti kompensohet, jo bonus si\u00e7 thot\u00eb ky, por do ti kthehet taksa e ushqimeve dhe gj\u00ebrave baz\u00eb q\u00eb ka ble, e cila e llogaritur nga ekspert\u00ebt shkon n\u00eb 450 euro n\u00eb vit.<\/p>\n<p>P\u00ebrve\u00e7 k\u00ebsaj, do ulet \u00e7mimi i energjis\u00eb. Do t\u00eb zbres\u00eb n\u00eb 7 lek p\u00ebr qytetar\u00ebt, n\u00eb 6 lek p\u00ebr biznesin. Ku e bazojm\u00eb ne k\u00ebt\u00eb? E bazojm\u00eb se energjin\u00eb ne si vend e prodhojm\u00eb pjes\u00ebn d\u00ebrmuese t\u00eb saj, e prodhojm\u00eb me kaskad\u00ebn e Drinit, e cila e ka nxjerr\u00eb veten disa her\u00eb, por k\u00ebta e r\u00ebndojn\u00eb gjith\u00e7ka duke pun\u00ebsuar me mij\u00ebra patronazhist\u00eb dhe duke ua faturuar k\u00ebt\u00eb, qytetar\u00ebve n\u00eb \u00e7mim.<\/p>\n<p>Jo, do t\u00eb funksionoj\u00eb si nd\u00ebrmarrje publike me t\u00eb gjitha kriteret e menaxhimit dhe qytetar\u00ebve do tu ulet \u00e7mimi, sepse kostoja e sotme me dyfishin e personelit q\u00eb ka, \u00ebsht\u00eb rreth 28 lek dhe k\u00ebta e sheshin me 85 lek me \u00e7mimin e ri q\u00eb vendos\u00ebn.<\/p>\n<p>Do t\u00eb ket\u00eb p\u00ebrgjysmim t\u00eb ujit t\u00eb pijsh\u00ebm, nuk mund t\u00eb paguaj\u00eb qytetari vjedhjet e tmerrshme q\u00eb b\u00ebhen me uj\u00ebsjell\u00ebsat. Ju nuk e dini se \u00e7far\u00eb b\u00ebhet me uj\u00ebsjell\u00ebsat. T\u00eb marr\u00ebsh tenderat dhe uj\u00ebsjell\u00ebsat e Durr\u00ebsit dhe Tiran\u00ebs ku furnizimi \u00ebsht\u00eb m\u00eb keq se kurr\u00eb, ata vet\u00ebm vjedhin e ndajn\u00eb parat\u00eb. K\u00ebshtu q\u00eb \u00e7mimi i ujit do t\u00eb p\u00ebrgjysmohet.<\/p>\n<p>N\u00eb rast se ka nj\u00eb mall q\u00eb ky vend mund t\u00eb ua jap\u00eb falas qytetar\u00ebve me kusht, menaxhimin e mir\u00eb \u00ebsht\u00eb uji. Dhe ka nj\u00eb vend tjet\u00ebr q\u00eb e jep falas ujin qytetar\u00ebve dhe ky vend \u00ebsht\u00eb Austria. Dhe pse e jep? Sepse ka uj\u00ebra thot\u00eb, se Austria \u00ebsht\u00eb e pasur n\u00eb uj\u00ebra dhe qytetar\u00ebt duhet ta g\u00ebzojn\u00eb k\u00ebt\u00eb pasuri. Ne n\u00eb vend q\u00eb t\u00eb ulim \u00e7mimin, ne shkojm\u00eb duke trefishuar \u00e7mimin p\u00ebr shkak t\u00eb vjedhjeve q\u00eb b\u00ebhen.<\/p>\n<p>Pra, paketa e Shqip\u00ebris\u00eb ta quajm\u00eb paketa e dhembshuris\u00eb, paketa e emergjenc\u00ebs, vendoset tre muaj e pare\u201d, u shpreh Berisha.<\/p>\n","protected":false},"excerpt":{"rendered":"<p>Lideri i opozit\u00ebs, Sali Berisha premtoi se me ardhjen e PD n\u00eb pushtet, programi i saj do ta transformoj\u00eb me shpejt\u00ebsi shum\u00eb t\u00eb madhe Shqip\u00ebrin\u00eb. N\u00eb takimin me strukturat n\u00eb Durr\u00ebs, Berisha theksoi se, t\u00eb gjitha premtimet e PD-s\u00eb do t\u00eb arrihen brenda 3 muajve t\u00eb par\u00eb t\u00eb ardhjes n\u00eb pushtet. \u201cE kund\u00ebrta k\u00ebtej nga &hellip;<\/p>\n","protected":false},"author":4,"featured_media":106620,"comment_status":"closed","ping_status":"closed","sticky":false,"template":"","format":"standard","meta":{"footnotes":""},"categories":[37],"tags":[],"class_list":["post-106619","post","type-post","status-publish","format-standard","has-post-thumbnail","","category-politike"],"_links":{"self":[{"href":"https:\/\/rdnews.al\/index.php\/wp-json\/wp\/v2\/posts\/106619","targetHints":{"allow":["GET"]}}],"collection":[{"href":"https:\/\/rdnews.al\/index.php\/wp-json\/wp\/v2\/posts"}],"about":[{"href":"https:\/\/rdnews.al\/index.php\/wp-json\/wp\/v2\/types\/post"}],"author":[{"embeddable":true,"href":"https:\/\/rdnews.al\/index.php\/wp-json\/wp\/v2\/users\/4"}],"replies":[{"embeddable":true,"href":"https:\/\/rdnews.al\/index.php\/wp-json\/wp\/v2\/comments?post=106619"}],"version-history":[{"count":2,"href":"https:\/\/rdnews.al\/index.php\/wp-json\/wp\/v2\/posts\/106619\/revisions"}],"predecessor-version":[{"id":106625,"href":"https:\/\/rdnews.al\/index.php\/wp-json\/wp\/v2\/posts\/106619\/revisions\/106625"}],"wp:featuredmedia":[{"embeddable":true,"href":"https:\/\/rdnews.al\/index.php\/wp-json\/wp\/v2\/media\/106620"}],"wp:attachment":[{"href":"https:\/\/rdnews.al\/index.php\/wp-json\/wp\/v2\/media?parent=106619"}],"wp:term":[{"taxonomy":"category","embeddable":true,"href":"https:\/\/rdnews.al\/index.php\/wp-json\/wp\/v2\/categories?post=106619"},{"taxonomy":"post_tag","embeddable":true,"href":"https:\/\/rdnews.al\/index.php\/wp-json\/wp\/v2\/tags?post=106619"}],"curies":[{"name":"wp","href":"https:\/\/api.w.org\/{rel}","templated":true}]}}