{"id":106632,"date":"2025-03-06T19:57:54","date_gmt":"2025-03-06T19:57:54","guid":{"rendered":"https:\/\/rdnews.al\/?p=106632"},"modified":"2025-03-06T19:57:54","modified_gmt":"2025-03-06T19:57:54","slug":"berisha-dega-e-durresit-ndahet-ne-degen-e-durresit-dhe-te-sukthit-drejtues-do-jene-adi-muka-dhe-osman-stafa","status":"publish","type":"post","link":"https:\/\/rdnews.al\/index.php\/2025\/03\/06\/berisha-dega-e-durresit-ndahet-ne-degen-e-durresit-dhe-te-sukthit-drejtues-do-jene-adi-muka-dhe-osman-stafa\/","title":{"rendered":"Berisha: Dega e Durr\u00ebsit ndahet n\u00eb deg\u00ebn e Durr\u00ebsit dhe t\u00eb Sukthit, drejtues do jen\u00eb Adi Muka dhe Osman Stafa"},"content":{"rendered":"<p>Kryetari i PD, Sali Berisha njoftoi struktur\u00ebn e PD Dega Durr\u00ebs, se do t\u2019i shtohet edhe Dega e Sukthit, p\u00ebr zgjedhjet e p\u00ebrgjithshme t\u00eb 11 majit.<\/p>\n<p>Berisha tha se, dega e Durr\u00ebsit ndahet n\u00eb deg\u00ebn e Durr\u00ebsit dhe t\u00eb Sukthit, drejtues do jen\u00eb Adi Muka dhe Osman Stafa.<\/p>\n<p>\u201cTani, t\u00eb dashur miq, n\u00eb k\u00ebt\u00eb betej\u00eb elektorale, jo krejt\u00ebsisht p\u00ebr q\u00ebllime elektorale, sepse un\u00eb, Oerdi dhe k\u00ebta bashk\u00ebpun\u00ebtor\u00ebt e mi e din\u00eb, personalisht prej shum\u00eb koh\u00ebsh kam qen\u00eb i bindur se dega e Durr\u00ebsit, se ky rreth duhet t\u00eb ket\u00eb dy deg\u00eb.<\/p>\n<p>Duhet t\u00eb ket\u00eb dy deg\u00eb sepse popullata e zon\u00ebs s\u00eb Sukthit, ose t\u00eb themi popullata jasht\u00eb qytetit t\u00eb Durr\u00ebsit, \u00ebsht\u00eb nj\u00eb popullat\u00eb gjigante, shum\u00eb e madhe dhe q\u00eb fatmir\u00ebsisht p\u00ebr shkak t\u00eb p\u00eblqyeshm\u00ebris\u00eb s\u00eb lart\u00eb dhe potencialeve q\u00eb ka, ka mund\u00ebsi q\u00eb m\u00eb shum\u00eb ikin nga qytetet se nga ajo zon\u00eb njer\u00ebzit.<\/p>\n<p>Pra, nj\u00eb zon\u00eb dend\u00ebsisht e populluar dhe nj\u00eb situat\u00eb t\u00eb till\u00eb nuk e kemi n\u00eb zonat e tjera.<\/p>\n<p>Tiran\u00ebn psh e kemi ndar\u00eb n\u00eb shum\u00eb deg\u00eb.<\/p>\n<p>Shkodra me Vaun e Dej\u00ebs, Mal\u00ebsin\u00eb e Madhe, Puk\u00ebn, p\u00ebrs\u00ebri \u00ebsht\u00eb m\u00eb me p\u00ebrmasa.<\/p>\n<p>Po k\u00ebshtu edhe Fieri.<\/p>\n<p>N\u00eb Durr\u00ebs e kishim k\u00ebt\u00eb problem q\u00eb Sukthi dhe Durr\u00ebsi ishin nj\u00eb deg\u00eb shum\u00eb e madhe.<\/p>\n<p>Prandaj kryesia ka menduar t\u00eb ndaj\u00eb deg\u00ebn e Durr\u00ebsit n\u00eb dy deg\u00eb, dega e Durr\u00ebsit dhe dega e Sukthit.<\/p>\n<p>Tani p\u00ebr tani nuk \u00ebsht\u00eb koha t\u00eb hyjm\u00eb n\u00eb zgjedhje.<\/p>\n<p>Ju b\u00ebt\u00eb nj\u00eb ushtrim t\u00eb p\u00ebrgjithsh\u00ebm me primaret dhe un\u00eb u p\u00ebrg\u00ebzoj, n\u00eb t\u00ebr\u00ebsi nj\u00eb proces demokratik, i cili ngjalli respekt n\u00eb popullat\u00eb.<\/p>\n<p>U ushtrua nj\u00eb e drejt\u00eb e an\u00ebtar\u00ebve tan\u00eb, k\u00ebshtu q\u00eb procedura e p\u00ebrzgjedhjes t\u00eb kandidat\u00ebve tani ka nj\u00eb baz\u00eb t\u00eb fort\u00eb solide me vullnetin e an\u00ebtar\u00ebve t\u00eb PD.<\/p>\n<p>Natyrisht jan\u00eb edhe kriteret e tjera q\u00eb do shqyrtohen s\u00eb bashku p\u00ebr t\u00eb sjell\u00eb kandidaturat e PD dhe opozit\u00ebs n\u00eb mbar\u00eb Shqip\u00ebris\u00eb.<\/p>\n<p>Por rikthehemi pak te ndarja e deg\u00ebve. Nuk ishte koha q\u00eb t\u00eb hynim n\u00eb zgjedhje.<\/p>\n<p>U shfryt\u00ebzua nj\u00eb e drejt\u00eb e kryesis\u00eb p\u00ebr t\u00eb komanduar dhe autorizuar p\u00ebrkoh\u00ebsisht drejtuesit e rinj t\u00eb k\u00ebtyre deg\u00ebve.<\/p>\n<p>Dua t\u00eb fal\u00ebnderoj Luanin p\u00ebr pun\u00ebn e \u00e7muar q\u00eb ka b\u00ebr\u00eb, p\u00ebr kontributin q\u00eb ka dh\u00ebn\u00eb n\u00eb t\u00eb gjith\u00eb k\u00ebt\u00eb proces.<\/p>\n<p>Respektoj plot\u00ebsisht t\u00eb drejt\u00ebn e tij si \u00e7do drejtues dhe \u00e7do an\u00ebtar tjet\u00ebr p\u00ebr t\u00eb kandiduar p\u00ebr deputet dhe shpresoj dhe jam i bindur se qytetar\u00ebt e Durr\u00ebsit do japin vler\u00ebsimin e tyre.<\/p>\n<p>Po k\u00ebshtu fal\u00ebnderoj edhe zotin Osman Stafa p\u00ebr gatishm\u00ebrin\u00eb, nj\u00eb veteran i PD, i dit\u00ebve t\u00eb para, i cili \u00ebsht\u00eb ngarkuar t\u00eb drejtoj\u00eb deg\u00ebn e Sukthit.<\/p>\n<p>Fal\u00ebnderoj zotin Adi Muka q\u00eb merr detyr\u00ebn e kryetarit t\u00eb deg\u00ebs s\u00eb Durr\u00ebsit n\u00eb k\u00ebto p\u00ebrmasa dhe Oerdin q\u00eb ka punuar me shum\u00eb p\u00ebrkushtim t\u00eb madh dhe ecim n\u00eb Durr\u00ebs t\u00eb sigurt\u201d, tha Berisha.<\/p>\n","protected":false},"excerpt":{"rendered":"<p>Kryetari i PD, Sali Berisha njoftoi struktur\u00ebn e PD Dega Durr\u00ebs, se do t\u2019i shtohet edhe Dega e Sukthit, p\u00ebr zgjedhjet e p\u00ebrgjithshme t\u00eb 11 majit. Berisha tha se, dega e Durr\u00ebsit ndahet n\u00eb deg\u00ebn e Durr\u00ebsit dhe t\u00eb Sukthit, drejtues do jen\u00eb Adi Muka dhe Osman Stafa. \u201cTani, t\u00eb dashur miq, n\u00eb k\u00ebt\u00eb betej\u00eb &hellip;<\/p>\n","protected":false},"author":4,"featured_media":106616,"comment_status":"closed","ping_status":"closed","sticky":false,"template":"","format":"standard","meta":{"footnotes":""},"categories":[37],"tags":[],"class_list":["post-106632","post","type-post","status-publish","format-standard","has-post-thumbnail","","category-politike"],"_links":{"self":[{"href":"https:\/\/rdnews.al\/index.php\/wp-json\/wp\/v2\/posts\/106632","targetHints":{"allow":["GET"]}}],"collection":[{"href":"https:\/\/rdnews.al\/index.php\/wp-json\/wp\/v2\/posts"}],"about":[{"href":"https:\/\/rdnews.al\/index.php\/wp-json\/wp\/v2\/types\/post"}],"author":[{"embeddable":true,"href":"https:\/\/rdnews.al\/index.php\/wp-json\/wp\/v2\/users\/4"}],"replies":[{"embeddable":true,"href":"https:\/\/rdnews.al\/index.php\/wp-json\/wp\/v2\/comments?post=106632"}],"version-history":[{"count":1,"href":"https:\/\/rdnews.al\/index.php\/wp-json\/wp\/v2\/posts\/106632\/revisions"}],"predecessor-version":[{"id":106633,"href":"https:\/\/rdnews.al\/index.php\/wp-json\/wp\/v2\/posts\/106632\/revisions\/106633"}],"wp:featuredmedia":[{"embeddable":true,"href":"https:\/\/rdnews.al\/index.php\/wp-json\/wp\/v2\/media\/106616"}],"wp:attachment":[{"href":"https:\/\/rdnews.al\/index.php\/wp-json\/wp\/v2\/media?parent=106632"}],"wp:term":[{"taxonomy":"category","embeddable":true,"href":"https:\/\/rdnews.al\/index.php\/wp-json\/wp\/v2\/categories?post=106632"},{"taxonomy":"post_tag","embeddable":true,"href":"https:\/\/rdnews.al\/index.php\/wp-json\/wp\/v2\/tags?post=106632"}],"curies":[{"name":"wp","href":"https:\/\/api.w.org\/{rel}","templated":true}]}}