{"id":106634,"date":"2025-03-06T20:10:18","date_gmt":"2025-03-06T20:10:18","guid":{"rendered":"https:\/\/rdnews.al\/?p=106634"},"modified":"2025-03-06T20:10:18","modified_gmt":"2025-03-06T20:10:18","slug":"berisha-chris-lacivita-ka-ardhur-ketu-per-fitoren-e-pd","status":"publish","type":"post","link":"https:\/\/rdnews.al\/index.php\/2025\/03\/06\/berisha-chris-lacivita-ka-ardhur-ketu-per-fitoren-e-pd\/","title":{"rendered":"Berisha: Chris LaCivita ka ardhur k\u00ebtu p\u00ebr fitoren e PD!"},"content":{"rendered":"<p>Kryetari i PD, Sali Berisha n\u00eb takimin me demokrat\u00ebt e Durr\u00ebsit, u shpreh se, opozita futet n\u00eb gar\u00ebn p\u00ebr zgjedhjet me kryemagjistarin e fushat\u00ebs s\u00eb Donald Trump.<\/p>\n<p>Berisha tha se, Chris LaCivita, udh\u00ebheq\u00ebsi i fushat\u00ebs elektorale t\u00eb presidentit t\u00eb Amerik\u00ebs, ka ardhur k\u00ebtu p\u00ebr fitoren e PD.<\/p>\n<p><strong>Berisha: <\/strong>\u00c7far\u00eb synojm\u00eb ne k\u00ebtu?<\/p>\n<p>Ne synojm\u00eb t\u00eb vendosim n\u00eb piedestal vullnetin, fisnik\u00ebrin\u00eb, dinjitetin e qytetar\u00ebve t\u00eb Durr\u00ebsit.<\/p>\n<p>T\u00eb vendosin ata dhe jo bandat.<\/p>\n<p>Kjo \u00ebsht\u00eb e gjith\u00eb fushta jon\u00eb.<\/p>\n<p>Dhe un\u00eb i garantoj q\u00eb \u00e7do njeri, q\u00eb do t\u00eb nd\u00ebrhyj\u00eb n\u00eb procesin elektoral n\u00eb Durr\u00ebs, jasht\u00eb ligjit, do marr\u00eb nd\u00ebshkimin m\u00eb ekzemplar se p\u00ebr \u00e7do krim pas zgjedhjeve t\u00eb 11 majit.<\/p>\n<p>Qytetar\u00ebt e Durr\u00ebsit duhet t\u00eb votojn\u00eb jo sipas vullnetit t\u00eb Gjushit apo bandave, por duhet t\u00eb votojn\u00eb sipas vullnetit t\u00eb lir\u00eb, qytetar\u00eb t\u00eb lir\u00eb, qytetar\u00eb mij\u00ebravje\u00e7ar\u00eb n\u00eb k\u00ebt\u00eb trev\u00eb, n\u00eb k\u00ebt\u00eb vend, dhe jo t\u2019u ndikoj\u00eb kush.<\/p>\n<p>Jam shum\u00eb i sigurt se ne do e p\u00ebrmbushim k\u00ebt\u00eb mision.<\/p>\n<p>Ne s\u00eb bashku do b\u00ebjm\u00eb q\u00eb durrsak\u00ebt, qytetar\u00eb t\u00eb mrekulluesh\u00ebm me nj\u00eb trash\u00ebgimi t\u00eb shk\u00eblqyer qytetare, njer\u00ebzore, me dat\u00ebn 11 maj do t\u00eb q\u00ebndrojn\u00eb n\u00eb krye t\u00eb fitores s\u00eb PD dhe opozit\u00ebs shqiptare.<\/p>\n<p>Hyjm\u00eb n\u00eb k\u00ebt\u00eb gar\u00eb me nj\u00eb mb\u00ebshtetje t\u00eb fuqishme t\u00eb diaspor\u00ebs.<\/p>\n<p>Hyjm\u00eb n\u00eb k\u00ebt\u00eb gar\u00eb me nj\u00eb program real p\u00ebr Shqip\u00ebrin\u00eb Madh\u00ebshtore.<\/p>\n<p>Hyjm\u00eb n\u00eb k\u00ebt\u00eb gar\u00eb me kryemagjistarin e fushat\u00ebs m\u00eb t\u00eb jasht\u00ebzakonshme n\u00eb historin\u00eb e njer\u00ebzimit, e rikthimit m\u00eb t\u00eb jasht\u00ebzakonsh\u00ebm me vot\u00eb n\u00eb historin\u00eb e njer\u00ebzimit, fushat\u00ebs s\u00eb presidentit Donald Trump, me zotin Chris LaCivita, i cili ka ardhur k\u00ebtu te ne p\u00ebr fitoren e PD dhe opozit\u00ebs shqiptare.<\/p>\n<p>\u00cbsht\u00eb dometh\u00ebn\u00ebs prania e tij, ua them k\u00ebtu haptas, sepse edhe n\u00eb SHBA dhe kudo, n\u00eb qoft\u00eb se ka sot nj\u00eb armik monst\u00ebr, ai quhet Xhorxh Soros dhe si\u00e7 e tha vet\u00eb zoti Chris LaCivita, Edi Rama \u00ebsht\u00eb kukulla e Xhorxh Sorosit.<\/p>\n<p>N\u00eb bot\u00eb, kukulla num\u00ebr 1 e Sorosit \u00ebsht\u00eb Edi Rama.<\/p>\n<p>Ndaj edhe ky \u00ebsht\u00eb nj\u00eb faktor jasht\u00ebzakonsiht i r\u00ebnd\u00ebsish\u00ebm p\u00ebr fitoren e opozit\u00ebs shqiptare.<\/p>\n<p>Ai d\u00ebshmoi s\u00eb bashku me zonj\u00ebn Suzan\u00eb Vilis, se p\u00ebrball\u00eb malit m\u00eb gjigant t\u00eb propagand\u00ebs, t\u00eb medias, t\u00eb makineris\u00eb shtet\u00ebrore, por e v\u00ebrteta \u00ebsht\u00eb, pothuajse t\u00eb mbar\u00eb bot\u00ebs kund\u00ebr, din\u00eb t\u00eb fitojn\u00eb dhe fituan.<\/p>\n<p>K\u00ebshtu q\u00eb duhet ta fal\u00ebnderoj me shum\u00eb mir\u00ebnjohje q\u00eb ai pranoi ftes\u00ebn ton\u00eb dhe ne ecim, do b\u00ebjm\u00eb gjith\u00e7ka p\u00ebr fitoren.<\/p>\n<p>Koalicioni q\u00eb ne nd\u00ebrtuam \u00ebsht\u00eb sigurisht nj\u00eb arritje e madhe, prandaj ai e ka humbur. Ka dy dit\u00eb q\u00eb nuk i shqitet, se un\u00eb ia njoh psikologjin\u00eb atij, gj\u00ebrat q\u00eb i dhembin shum\u00eb ai i mban n\u00eb goj\u00eb vazhdimisht.<\/p>\n<p>Po ky koalicion ka nj\u00eb t\u00eb tret\u00ebn e votave t\u00eb qytetar\u00ebve shqiptar\u00eb.<\/p>\n<p>Cilido \u00ebsht\u00eb i ftuar nga ju t\u00eb marr\u00eb librat e zgjedhjeve dhe t\u00eb shoh\u00eb se partit\u00eb e vogla, kur merren s\u00eb bashku, ato arrijn\u00eb shifra nj\u00eb e treta e zgjedh\u00ebsve shqiptar\u00eb.<\/p>\n<p>Ne nuk mund t\u00eb pranonim kurr\u00eb q\u00eb k\u00ebta t\u2019i linim.<\/p>\n<p>Se ky, p\u00ebr t\u2019i d\u00ebnuar k\u00ebta me d\u00ebnim kapital politik, e ndryshoi ligjin, dhe e b\u00ebri se n\u00eb rast se b\u00ebjn\u00eb koalicion, t\u00eb gjitha votat shkojn\u00eb te partia me t\u00eb cil\u00ebn b\u00ebjn\u00eb koalicion, PD n\u00eb rastin konkret, p\u00ebrndryshe nuk jan\u00eb t\u00eb destinuara p\u00ebr t\u00eb marr\u00eb asnj\u00eb deputet.<\/p>\n<p>Un\u00eb u them ju se marr\u00ebveshja \u00ebsht\u00eb e shk\u00eblqyer dhe kjo marr\u00ebveshje \u00ebsht\u00eb edhe kjo nj\u00eb moment tjet\u00ebr jasht\u00ebzakonisht i r\u00ebnd\u00ebsish\u00ebm i marshimit ton\u00eb drejt fitores m\u00eb 11 maj 2025.<\/p>\n<p>2025-a, viti i diaspor\u00ebs.<\/p>\n<p>2025-aq, viti i fitores.<\/p>\n","protected":false},"excerpt":{"rendered":"<p>Kryetari i PD, Sali Berisha n\u00eb takimin me demokrat\u00ebt e Durr\u00ebsit, u shpreh se, opozita futet n\u00eb gar\u00ebn p\u00ebr zgjedhjet me kryemagjistarin e fushat\u00ebs s\u00eb Donald Trump. Berisha tha se, Chris LaCivita, udh\u00ebheq\u00ebsi i fushat\u00ebs elektorale t\u00eb presidentit t\u00eb Amerik\u00ebs, ka ardhur k\u00ebtu p\u00ebr fitoren e PD. Berisha: \u00c7far\u00eb synojm\u00eb ne k\u00ebtu? Ne synojm\u00eb t\u00eb &hellip;<\/p>\n","protected":false},"author":4,"featured_media":105101,"comment_status":"closed","ping_status":"closed","sticky":false,"template":"","format":"standard","meta":{"footnotes":""},"categories":[37],"tags":[],"class_list":["post-106634","post","type-post","status-publish","format-standard","has-post-thumbnail","","category-politike"],"_links":{"self":[{"href":"https:\/\/rdnews.al\/index.php\/wp-json\/wp\/v2\/posts\/106634","targetHints":{"allow":["GET"]}}],"collection":[{"href":"https:\/\/rdnews.al\/index.php\/wp-json\/wp\/v2\/posts"}],"about":[{"href":"https:\/\/rdnews.al\/index.php\/wp-json\/wp\/v2\/types\/post"}],"author":[{"embeddable":true,"href":"https:\/\/rdnews.al\/index.php\/wp-json\/wp\/v2\/users\/4"}],"replies":[{"embeddable":true,"href":"https:\/\/rdnews.al\/index.php\/wp-json\/wp\/v2\/comments?post=106634"}],"version-history":[{"count":1,"href":"https:\/\/rdnews.al\/index.php\/wp-json\/wp\/v2\/posts\/106634\/revisions"}],"predecessor-version":[{"id":106635,"href":"https:\/\/rdnews.al\/index.php\/wp-json\/wp\/v2\/posts\/106634\/revisions\/106635"}],"wp:featuredmedia":[{"embeddable":true,"href":"https:\/\/rdnews.al\/index.php\/wp-json\/wp\/v2\/media\/105101"}],"wp:attachment":[{"href":"https:\/\/rdnews.al\/index.php\/wp-json\/wp\/v2\/media?parent=106634"}],"wp:term":[{"taxonomy":"category","embeddable":true,"href":"https:\/\/rdnews.al\/index.php\/wp-json\/wp\/v2\/categories?post=106634"},{"taxonomy":"post_tag","embeddable":true,"href":"https:\/\/rdnews.al\/index.php\/wp-json\/wp\/v2\/tags?post=106634"}],"curies":[{"name":"wp","href":"https:\/\/api.w.org\/{rel}","templated":true}]}}