{"id":106674,"date":"2025-03-07T11:55:01","date_gmt":"2025-03-07T11:55:01","guid":{"rendered":"https:\/\/rdnews.al\/?p=106674"},"modified":"2025-03-07T11:56:56","modified_gmt":"2025-03-07T11:56:56","slug":"berisha-garantoj-pronaret-se-nuk-do-njihet-asnje-vendim-i-marre-nga-korporata-e-investimeve","status":"publish","type":"post","link":"https:\/\/rdnews.al\/index.php\/2025\/03\/07\/berisha-garantoj-pronaret-se-nuk-do-njihet-asnje-vendim-i-marre-nga-korporata-e-investimeve\/","title":{"rendered":"Berisha: Garantoj pronar\u00ebt se nuk do njihet asnj\u00eb vendim i marr\u00eb nga Korporata e Investimeve"},"content":{"rendered":"<p>Lideri i opozit\u00ebs, Sali Berisha ka vijuar akuzat e tij t\u00eb ashpra ndaj qeveris\u00eb, duke e cil\u00ebsuar si nj\u00eb regjim q\u00eb po grabit pronat publike n\u00eb p\u00ebrmasa t\u00eb paimagjinueshme.<\/p>\n<p>N\u00eb fjal\u00ebn e tij, Berisha paralajm\u00ebroi se, \u00e7do akt i nd\u00ebrmarr\u00eb nga drejtuesja e Kadastr\u00ebs, Luljeta Kokona do t\u00eb ket\u00eb pasoja t\u00eb r\u00ebnda ligjore. Ai tha se, vendimet e k\u00ebsaj agjencie jan\u00eb t\u00eb paligjshme dhe nuk do t\u00eb njihen n\u00eb t\u00eb ardhmen.<\/p>\n<p>\u201cKjo \u00ebsht\u00eb nj\u00eb vjedhje e p\u00ebrmasave t\u00eb paimagjinueshme. K\u00ebto \u00e7\u00ebshtje jan\u00eb ngritur edhe nga mediat n\u00eb m\u00ebnyr\u00eb t\u00eb p\u00ebrs\u00ebritur. Por ka nj\u00eb heshtje totale se \u00e7do afer\u00eb korruptive e Edi Ram\u00ebs nuk mund t\u00eb hetohet n\u00eb k\u00ebt\u00eb vend.<\/p>\n<p>Tani, jam k\u00ebtu p\u00ebr t\u00eb paralajm\u00ebruar Kokon\u00ebn se n\u00eb m\u00ebnyr\u00eb absolute do mbaj\u00eb p\u00ebrgjegj\u00ebsin\u00eb m\u00eb t\u00eb r\u00ebnd\u00eb p\u00ebr \u00e7do met\u00ebr katror tok\u00eb apo pron\u00eb tjet\u00ebr q\u00eb do ta trajtoj\u00eb bazuar n\u00eb vendimin e Edi Ram\u00ebs p\u00ebr t\u00eb vjedhur pronat dhe p\u00ebr t\u00eb caktuar at\u00eb n\u00eb krye t\u00eb agjencis\u00eb.<\/p>\n<p>Jam k\u00ebtu p\u00ebr t\u00eb deklaruar publikisht se asnj\u00eb p\u00ebrfitues nga vendimet antiligjore t\u00eb k\u00ebsaj agjencie t\u00eb vjedhjes s\u00eb pronave, nuk do njihet, por do nd\u00ebshkohet rrept\u00eb si bashk\u00ebvjedhje publike, private e pron\u00ebs shtet\u00ebrore.<\/p>\n<p>Prona, n\u00eb \u00e7do vend ka rregullat, ligjet e menaxhimit, administrimit, shitjes, etj. N\u00eb k\u00ebt\u00eb vend, \u00e7do vendim p\u00ebr tjet\u00ebrsim t\u00eb pron\u00ebs publike, ligji i pronave ia kalon automatikisht at\u00eb privatit. Kjo q\u00eb ndodh \u00ebsht\u00eb nj\u00eb grabitje, nj\u00eb pla\u00e7kitje e paimagjinueshme.<\/p>\n<p>Garantoj pronar\u00ebt se nuk do njihet asnj\u00eb vendim i marr\u00eb nga kjo agjenci dhe nga kjo zyrtare, e cila ka qen\u00eb asistente e Don Aga\u00e7ios. Pasi b\u00ebri shkoll\u00ebn e Aga\u00e7ios, u lart\u00ebsua n\u00eb drejtoresh\u00eb t\u00eb k\u00ebsaj korporate.<\/p>\n<p>\u00cbsht\u00eb skandaloze, \u00ebsht\u00eb unike, \u00ebsht\u00eb jasht\u00eb \u00e7do lloj koncepti. K\u00ebt\u00eb mund ta ken\u00eb vet\u00ebm mbret\u00ebrit\u00eb absolute, ku toka, deti, ajri jan\u00eb pron\u00eb e mbretit.<\/p>\n<p>Pas k\u00ebtyre mbret\u00ebrive, kush n\u00eb bot\u00eb nj\u00eb agjenci t\u00eb till\u00eb nuk e ngre. Ato, po, se kan\u00eb nj\u00eb ligj ata, ne e kemi pasur 500 vite at\u00eb ligj, q\u00eb toka, ajri dhe uj\u00ebrat jan\u00eb pron\u00eb e perandorit.<\/p>\n<p>E d\u00ebnoj edhe nj\u00ebher\u00eb me forc\u00ebn m\u00eb t\u00eb madhe, gj\u00eb e paimagjinueshme. \u00cbsht\u00eb akti m\u00eb skandaloz i 32 viteve\u201d, tha Berisha.<\/p>\n","protected":false},"excerpt":{"rendered":"<p>Lideri i opozit\u00ebs, Sali Berisha ka vijuar akuzat e tij t\u00eb ashpra ndaj qeveris\u00eb, duke e cil\u00ebsuar si nj\u00eb regjim q\u00eb po grabit pronat publike n\u00eb p\u00ebrmasa t\u00eb paimagjinueshme. N\u00eb fjal\u00ebn e tij, Berisha paralajm\u00ebroi se, \u00e7do akt i nd\u00ebrmarr\u00eb nga drejtuesja e Kadastr\u00ebs, Luljeta Kokona do t\u00eb ket\u00eb pasoja t\u00eb r\u00ebnda ligjore. Ai tha &hellip;<\/p>\n","protected":false},"author":4,"featured_media":106675,"comment_status":"closed","ping_status":"closed","sticky":false,"template":"","format":"standard","meta":{"footnotes":""},"categories":[37],"tags":[],"class_list":["post-106674","post","type-post","status-publish","format-standard","has-post-thumbnail","","category-politike"],"_links":{"self":[{"href":"https:\/\/rdnews.al\/index.php\/wp-json\/wp\/v2\/posts\/106674","targetHints":{"allow":["GET"]}}],"collection":[{"href":"https:\/\/rdnews.al\/index.php\/wp-json\/wp\/v2\/posts"}],"about":[{"href":"https:\/\/rdnews.al\/index.php\/wp-json\/wp\/v2\/types\/post"}],"author":[{"embeddable":true,"href":"https:\/\/rdnews.al\/index.php\/wp-json\/wp\/v2\/users\/4"}],"replies":[{"embeddable":true,"href":"https:\/\/rdnews.al\/index.php\/wp-json\/wp\/v2\/comments?post=106674"}],"version-history":[{"count":2,"href":"https:\/\/rdnews.al\/index.php\/wp-json\/wp\/v2\/posts\/106674\/revisions"}],"predecessor-version":[{"id":106678,"href":"https:\/\/rdnews.al\/index.php\/wp-json\/wp\/v2\/posts\/106674\/revisions\/106678"}],"wp:featuredmedia":[{"embeddable":true,"href":"https:\/\/rdnews.al\/index.php\/wp-json\/wp\/v2\/media\/106675"}],"wp:attachment":[{"href":"https:\/\/rdnews.al\/index.php\/wp-json\/wp\/v2\/media?parent=106674"}],"wp:term":[{"taxonomy":"category","embeddable":true,"href":"https:\/\/rdnews.al\/index.php\/wp-json\/wp\/v2\/categories?post=106674"},{"taxonomy":"post_tag","embeddable":true,"href":"https:\/\/rdnews.al\/index.php\/wp-json\/wp\/v2\/tags?post=106674"}],"curies":[{"name":"wp","href":"https:\/\/api.w.org\/{rel}","templated":true}]}}