{"id":106744,"date":"2025-03-07T19:54:10","date_gmt":"2025-03-07T19:54:10","guid":{"rendered":"https:\/\/rdnews.al\/?p=106744"},"modified":"2025-03-07T19:54:30","modified_gmt":"2025-03-07T19:54:30","slug":"pedagogu-me-ardhjen-e-berishe-serish-kryeminister-kombi-do-te-funksionoje-me-zemer-te-plote","status":"publish","type":"post","link":"https:\/\/rdnews.al\/index.php\/2025\/03\/07\/pedagogu-me-ardhjen-e-berishe-serish-kryeminister-kombi-do-te-funksionoje-me-zemer-te-plote\/","title":{"rendered":"Pedagogu: Me ardhjen e Berish\u00ebs s\u00ebrish kryeminist\u00ebr Kombi do t\u00eb funksionoj\u00eb me zem\u00ebr t\u00eb plot\u00eb\u00a0"},"content":{"rendered":"<p>N\u00eb takimin e liderit t\u00eb opozit\u00ebs Sali Berisha me m\u00ebsuesit n\u00eb Kam\u00ebz me rastin e 7 marsit ishte prezent edhe pedagogu i Universitetit Bujq\u00ebsor t\u00eb Tiran\u00ebs Lush Susaj.<\/p>\n<p>Susaj uroi p\u00ebrzem\u00ebrishit t\u00eb gjith\u00eb t\u00eb gjith\u00eb m\u00ebsuesit dhe cil\u00ebsoi se n\u00ebse Sali Berisha do t\u00eb jet\u00eb p\u00ebrs\u00ebri kryeminist\u00ebr, kombi do t\u00eb funksionoj\u00eb me zem\u00ebr t\u00eb plot\u00eb.<\/p>\n<p>\u201cJu uroj nga zemra g\u00ebzuar fest\u00ebn e madhe t\u00eb 7 marsit. Sali Berisha, ky shenjtor, ky misionar, nd\u00ebr m\u00eb t\u00eb m\u00ebdhenjt e \u00e7\u00ebshtjes shqiptare e sidomos t\u00eb arsimit. Un\u00eb e falenderoj p\u00ebr \u00e7do gj\u00eb q\u00eb ka b\u00ebr\u00eb, i uroj jet\u00eb t\u00eb e sh\u00ebndet dhe ta shohim p\u00ebrs\u00ebri kryeminist\u00ebr t\u00eb Shqip\u00ebris\u00eb.<\/p>\n<p>Me ardhjen e Berish\u00ebs n\u00eb krye t\u00eb vendit, shteti shqiptar do t\u00eb ket\u00eb t\u00eb gjitha asetet e veta n\u00eb krah pa hile e pa kunja t\u00eb shtetit t\u00eb Kosov\u00ebs. Kombi do t\u00eb funksionoj\u00eb me zem\u00ebr t\u00eb plot\u00eb, sikurse funksionojn\u00eb t\u00eb gjitha kombet dhe gjallesat e k\u00ebsaj bote. Ne jemi rritur nga prind\u00ebrit tan\u00eb, por rrug\u00ebn e nderit na e kan\u00eb dh\u00ebn\u00eb shkolla dhe m\u00ebsuesit\u201d, tha pedagogu Lush Susaj.<\/p>\n","protected":false},"excerpt":{"rendered":"<p>N\u00eb takimin e liderit t\u00eb opozit\u00ebs Sali Berisha me m\u00ebsuesit n\u00eb Kam\u00ebz me rastin e 7 marsit ishte prezent edhe pedagogu i Universitetit Bujq\u00ebsor t\u00eb Tiran\u00ebs Lush Susaj. Susaj uroi p\u00ebrzem\u00ebrishit t\u00eb gjith\u00eb t\u00eb gjith\u00eb m\u00ebsuesit dhe cil\u00ebsoi se n\u00ebse Sali Berisha do t\u00eb jet\u00eb p\u00ebrs\u00ebri kryeminist\u00ebr, kombi do t\u00eb funksionoj\u00eb me zem\u00ebr t\u00eb plot\u00eb. &hellip;<\/p>\n","protected":false},"author":4,"featured_media":106745,"comment_status":"closed","ping_status":"closed","sticky":false,"template":"","format":"standard","meta":{"footnotes":""},"categories":[37],"tags":[],"class_list":["post-106744","post","type-post","status-publish","format-standard","has-post-thumbnail","","category-politike"],"_links":{"self":[{"href":"https:\/\/rdnews.al\/index.php\/wp-json\/wp\/v2\/posts\/106744","targetHints":{"allow":["GET"]}}],"collection":[{"href":"https:\/\/rdnews.al\/index.php\/wp-json\/wp\/v2\/posts"}],"about":[{"href":"https:\/\/rdnews.al\/index.php\/wp-json\/wp\/v2\/types\/post"}],"author":[{"embeddable":true,"href":"https:\/\/rdnews.al\/index.php\/wp-json\/wp\/v2\/users\/4"}],"replies":[{"embeddable":true,"href":"https:\/\/rdnews.al\/index.php\/wp-json\/wp\/v2\/comments?post=106744"}],"version-history":[{"count":2,"href":"https:\/\/rdnews.al\/index.php\/wp-json\/wp\/v2\/posts\/106744\/revisions"}],"predecessor-version":[{"id":106747,"href":"https:\/\/rdnews.al\/index.php\/wp-json\/wp\/v2\/posts\/106744\/revisions\/106747"}],"wp:featuredmedia":[{"embeddable":true,"href":"https:\/\/rdnews.al\/index.php\/wp-json\/wp\/v2\/media\/106745"}],"wp:attachment":[{"href":"https:\/\/rdnews.al\/index.php\/wp-json\/wp\/v2\/media?parent=106744"}],"wp:term":[{"taxonomy":"category","embeddable":true,"href":"https:\/\/rdnews.al\/index.php\/wp-json\/wp\/v2\/categories?post=106744"},{"taxonomy":"post_tag","embeddable":true,"href":"https:\/\/rdnews.al\/index.php\/wp-json\/wp\/v2\/tags?post=106744"}],"curies":[{"name":"wp","href":"https:\/\/api.w.org\/{rel}","templated":true}]}}