{"id":106748,"date":"2025-03-07T19:58:09","date_gmt":"2025-03-07T19:58:09","guid":{"rendered":"https:\/\/rdnews.al\/?p=106748"},"modified":"2025-03-07T19:58:09","modified_gmt":"2025-03-07T19:58:09","slug":"kucana-themeli-i-programit-te-pd-eshte-shkolla-dhe-familja","status":"publish","type":"post","link":"https:\/\/rdnews.al\/index.php\/2025\/03\/07\/kucana-themeli-i-programit-te-pd-eshte-shkolla-dhe-familja\/","title":{"rendered":"Ku\u00e7ana: Themeli i programit t\u00eb PD \u00ebsht\u00eb shkolla dhe familja!"},"content":{"rendered":"<p>Pedagogia, Iliriana Ku\u00e7ana, n\u00eb takimin q\u00eb PD zhvilloi me m\u00ebsuesi me rastin e 7 marsit tha se shkolla dhe familja jan\u00eb shtylla e shoq\u00ebris\u00eb, ku sipas saj, lideri i opozit\u00ebs Sali Berisha i ka vler\u00ebsuar gjithmon\u00eb k\u00ebto.<\/p>\n<p>Ajo tha se \u00e7do demokrat e ka p\u00ebr fat q\u00eb t\u00eb ket\u00eb nj\u00eb lider si Sali Berisha.<\/p>\n<p>&#8220;\u00cbsht\u00eb k\u00ebnaq\u00ebsi e ve\u00e7ant\u00eb t\u00eb jem k\u00ebtu n\u00eb mesin tuaj. Ne kemi dhe nj\u00eb fat t\u00eb madh sepse kryetarin e PD e kemi profesor si Prof. Dr. Sali Berisha. Dhe si misionar dhe si njeri q\u00eb ka vler\u00ebsuar gjithmon\u00eb n\u00eb thelb shoq\u00ebrin\u00eb ai ka vler\u00ebsuar pik\u00ebrisht rolin e m\u00ebsuesit dhe t\u00eb shkoll\u00ebs. G\u00ebzuar 7 marsin edhe Zoti sikur i ka b\u00ebr\u00eb ngjitur 7 dhe 8 marsin p\u00ebr t\u00eb th\u00ebn\u00eb q\u00eb shkolla dhe familja jan\u00eb shtylla e shoq\u00ebris\u00eb, edhe PD i ka n\u00eb themelin e saj n\u00eb program me kryeministrin e ardhsh\u00ebm Prof. Dr. Sali Berisha\u201d, tha Ku\u00e7ana.<\/p>\n","protected":false},"excerpt":{"rendered":"<p>Pedagogia, Iliriana Ku\u00e7ana, n\u00eb takimin q\u00eb PD zhvilloi me m\u00ebsuesi me rastin e 7 marsit tha se shkolla dhe familja jan\u00eb shtylla e shoq\u00ebris\u00eb, ku sipas saj, lideri i opozit\u00ebs Sali Berisha i ka vler\u00ebsuar gjithmon\u00eb k\u00ebto. Ajo tha se \u00e7do demokrat e ka p\u00ebr fat q\u00eb t\u00eb ket\u00eb nj\u00eb lider si Sali Berisha. &#8220;\u00cbsht\u00eb &hellip;<\/p>\n","protected":false},"author":4,"featured_media":106749,"comment_status":"closed","ping_status":"closed","sticky":false,"template":"","format":"standard","meta":{"footnotes":""},"categories":[37],"tags":[],"class_list":["post-106748","post","type-post","status-publish","format-standard","has-post-thumbnail","","category-politike"],"_links":{"self":[{"href":"https:\/\/rdnews.al\/index.php\/wp-json\/wp\/v2\/posts\/106748","targetHints":{"allow":["GET"]}}],"collection":[{"href":"https:\/\/rdnews.al\/index.php\/wp-json\/wp\/v2\/posts"}],"about":[{"href":"https:\/\/rdnews.al\/index.php\/wp-json\/wp\/v2\/types\/post"}],"author":[{"embeddable":true,"href":"https:\/\/rdnews.al\/index.php\/wp-json\/wp\/v2\/users\/4"}],"replies":[{"embeddable":true,"href":"https:\/\/rdnews.al\/index.php\/wp-json\/wp\/v2\/comments?post=106748"}],"version-history":[{"count":1,"href":"https:\/\/rdnews.al\/index.php\/wp-json\/wp\/v2\/posts\/106748\/revisions"}],"predecessor-version":[{"id":106750,"href":"https:\/\/rdnews.al\/index.php\/wp-json\/wp\/v2\/posts\/106748\/revisions\/106750"}],"wp:featuredmedia":[{"embeddable":true,"href":"https:\/\/rdnews.al\/index.php\/wp-json\/wp\/v2\/media\/106749"}],"wp:attachment":[{"href":"https:\/\/rdnews.al\/index.php\/wp-json\/wp\/v2\/media?parent=106748"}],"wp:term":[{"taxonomy":"category","embeddable":true,"href":"https:\/\/rdnews.al\/index.php\/wp-json\/wp\/v2\/categories?post=106748"},{"taxonomy":"post_tag","embeddable":true,"href":"https:\/\/rdnews.al\/index.php\/wp-json\/wp\/v2\/tags?post=106748"}],"curies":[{"name":"wp","href":"https:\/\/api.w.org\/{rel}","templated":true}]}}