{"id":106751,"date":"2025-03-07T20:03:55","date_gmt":"2025-03-07T20:03:55","guid":{"rendered":"https:\/\/rdnews.al\/?p=106751"},"modified":"2025-03-07T20:03:55","modified_gmt":"2025-03-07T20:03:55","slug":"berisha-brenda-nje-mandati-nga-jugu-ne-alpe-qeveria-do-te-financoje-instalimin-e-paneleve-diellore","status":"publish","type":"post","link":"https:\/\/rdnews.al\/index.php\/2025\/03\/07\/berisha-brenda-nje-mandati-nga-jugu-ne-alpe-qeveria-do-te-financoje-instalimin-e-paneleve-diellore\/","title":{"rendered":"Berisha: Brenda nj\u00eb mandati, nga jugu n\u00eb Alpe qeveria do t\u00eb financoj\u00eb instalimin e paneleve diellore"},"content":{"rendered":"<p>Kryetari i Partis\u00eb Demokratike, Sali Berisha n\u00eb takimin me m\u00ebsuesit me rastin e fest\u00ebs s\u00eb 7 Marsit garantoi se brenda nj\u00eb mandati, nga jugu n\u00eb thell\u00ebsit\u00eb e Alpeve qeveria do t\u00eb financoj\u00eb instalimin e paneleve diellore n\u00eb t\u00eb gjitha \u00e7atit\u00eb e Shqip\u00ebris\u00eb.<\/p>\n<p>\u201cShqip\u00ebria Madh\u00ebshtore\u2019 i ka z\u00ebn\u00eb n\u00eb befasi kleptokrat\u00ebt dhe narkoqeveritar\u00ebt. Natyrisht p\u00ebrpiqen me \u00e7do kusht q\u00eb t\u00eb zhvler\u00ebsojn\u00eb k\u00ebt\u00eb term. Por ne q\u00eb kemi paraqitur k\u00ebt\u00eb program, ne kemi paraqitur at\u00eb me bindjen m\u00eb t\u00eb thell\u00eb se \u00ebsht\u00eb plot\u00ebsisht i realizuesh\u00ebm.<\/p>\n<p>E kemi paraqitur me bindjen m\u00eb t\u00eb thell\u00eb, sepse ishte p\u00ebr shqiptar\u00ebt madh\u00ebshti, kalimi nga njer\u00ebzit m\u00eb t\u00eb varf\u00ebr, nga grupi i kombeve me t\u00eb ardhura t\u00eb ul\u00ebta, kalimi n\u00eb grupin e kombeve me t\u00eb ardhura t\u00eb mesme t\u00eb larta.<\/p>\n<p>E gjith\u00eb elita ekonomike bot\u00ebrore e vler\u00ebsoi at\u00eb moment si \u2018quantum liptum\u2019 si nj\u00eb hap kuantik t\u00eb jasht\u00ebzakonsh\u00ebm.<\/p>\n<p>Askush nuk e imagjinonte dot se n\u00eb dy mandate mund t\u00eb nd\u00ebrtoheshin dhe rind\u00ebrtoheshin 11 mij\u00eb km rrug\u00eb. Ju them k\u00ebtu un\u00eb ju, nuk i harroj kurr\u00eb fytyrat e bashk\u00ebpun\u00ebtor\u00ebve t\u00eb mi. Kur kemi deklaruar se do t\u00eb nd\u00ebrtojm\u00eb Rrug\u00ebn e Kombit, qoft\u00eb dhe me vath\u00eb dhe byzylyk\u00eb ata jan\u00eb zbehur. Ka patur prej tyre q\u00eb jan\u00eb zbehur. Por ne nd\u00ebrtuam 2-3 her\u00eb m\u00eb shum\u00eb se at\u00eb q\u00eb shpall\u00ebm.<\/p>\n<p>Nuk i nd\u00ebrtuam me v\u00ebth\u00eb dhe byzylyk\u00eb, por i nd\u00ebrtuam me parat\u00eb tuaja, taksat tuaja. Ato i p\u00ebrdor\u00ebm p\u00ebr t\u00eb bashkuar kombin.<\/p>\n<p>Shqip\u00ebria nga vendi m\u00eb i pasigurt\u00eb u b\u00eb an\u00ebtare e NATO-s. Un\u00eb besoj se ky ishte nj\u00eb akt madh\u00ebshtie p\u00ebr vendin m\u00eb t\u00eb pasigurt\u00eb q\u00eb i kishte provuar t\u00eb gjitha pushtimet n\u00eb koh\u00ebra.<\/p>\n<p>Nga vendi q\u00eb kishte gjithsej 4.8%\u00a0 t\u00eb penetrimit t\u00eb internimit t\u00eb internetit n\u00eb shoq\u00ebri, kaloi n\u00eb 63% dhe u b\u00eb vendi m\u00eb i hapur ndaj internetit, p\u00ebr shoq\u00ebrin\u00eb.<\/p>\n<p>Shqip\u00ebria \u00ebsht\u00eb vend plot me uj\u00ebra. Dhe kur deklaruam n\u00eb vitin 2007 se do t\u00eb b\u00ebheshim superfuqi e vog\u00ebl rajonale e energjis\u00eb s\u00eb rinovueshme u tall\u00ebn, p\u00ebrqesh\u00ebn, por n\u00eb fakt Shqip\u00ebria sot \u00ebsht\u00eb eksportuesi i energjis\u00eb s\u00eb rinovueshme. Dhe jan\u00eb edhe qindra hidrocentrale t\u00eb tjera p\u00ebr tu nd\u00ebrtuar.<br \/>\nPor miqt\u00eb e mi. A kemi ne t\u00eb drejt\u00eb t\u00eb themi se Shqip\u00ebria do t\u00eb jet\u00eb Madh\u00ebshtore n\u00eb prodhimin e energjis\u00eb?<\/p>\n<p>Ju garantoj se brenda nj\u00eb mandati, nga jugu n\u00eb thell\u00ebsit\u00eb e Alpeve qeveria do t\u00eb financoj\u00eb instalimin e paneleve diellore n\u00eb t\u00eb gjitha \u00e7atit\u00eb e Shqip\u00ebris\u00eb.<\/p>\n<p>Do ta b\u00ebjm\u00eb ne k\u00ebt\u00eb, q\u00eb qytetar\u00eb shqiptar\u00eb pas instalimit t\u00eb tyre do t\u00eb paguajn\u00eb dhe tre vite t\u00eb tjera koston e instalimit si \u00e7mim energjie, dhe pastaj do i ken\u00eb falas ato. Do ta marrin energjin\u00eb falas, e kan\u00eb nga Zoti, e kan\u00eb nga dielli. Vend me 280 dit\u00eb diell, vend i bekuar nuk ka si Shqip\u00ebria\u201d, u shpreh Berisha.<\/p>\n","protected":false},"excerpt":{"rendered":"<p>Kryetari i Partis\u00eb Demokratike, Sali Berisha n\u00eb takimin me m\u00ebsuesit me rastin e fest\u00ebs s\u00eb 7 Marsit garantoi se brenda nj\u00eb mandati, nga jugu n\u00eb thell\u00ebsit\u00eb e Alpeve qeveria do t\u00eb financoj\u00eb instalimin e paneleve diellore n\u00eb t\u00eb gjitha \u00e7atit\u00eb e Shqip\u00ebris\u00eb. \u201cShqip\u00ebria Madh\u00ebshtore\u2019 i ka z\u00ebn\u00eb n\u00eb befasi kleptokrat\u00ebt dhe narkoqeveritar\u00ebt. Natyrisht p\u00ebrpiqen me &hellip;<\/p>\n","protected":false},"author":4,"featured_media":106752,"comment_status":"closed","ping_status":"closed","sticky":false,"template":"","format":"standard","meta":{"footnotes":""},"categories":[37],"tags":[],"class_list":["post-106751","post","type-post","status-publish","format-standard","has-post-thumbnail","","category-politike"],"_links":{"self":[{"href":"https:\/\/rdnews.al\/index.php\/wp-json\/wp\/v2\/posts\/106751","targetHints":{"allow":["GET"]}}],"collection":[{"href":"https:\/\/rdnews.al\/index.php\/wp-json\/wp\/v2\/posts"}],"about":[{"href":"https:\/\/rdnews.al\/index.php\/wp-json\/wp\/v2\/types\/post"}],"author":[{"embeddable":true,"href":"https:\/\/rdnews.al\/index.php\/wp-json\/wp\/v2\/users\/4"}],"replies":[{"embeddable":true,"href":"https:\/\/rdnews.al\/index.php\/wp-json\/wp\/v2\/comments?post=106751"}],"version-history":[{"count":1,"href":"https:\/\/rdnews.al\/index.php\/wp-json\/wp\/v2\/posts\/106751\/revisions"}],"predecessor-version":[{"id":106753,"href":"https:\/\/rdnews.al\/index.php\/wp-json\/wp\/v2\/posts\/106751\/revisions\/106753"}],"wp:featuredmedia":[{"embeddable":true,"href":"https:\/\/rdnews.al\/index.php\/wp-json\/wp\/v2\/media\/106752"}],"wp:attachment":[{"href":"https:\/\/rdnews.al\/index.php\/wp-json\/wp\/v2\/media?parent=106751"}],"wp:term":[{"taxonomy":"category","embeddable":true,"href":"https:\/\/rdnews.al\/index.php\/wp-json\/wp\/v2\/categories?post=106751"},{"taxonomy":"post_tag","embeddable":true,"href":"https:\/\/rdnews.al\/index.php\/wp-json\/wp\/v2\/tags?post=106751"}],"curies":[{"name":"wp","href":"https:\/\/api.w.org\/{rel}","templated":true}]}}