{"id":106760,"date":"2025-03-07T21:43:21","date_gmt":"2025-03-07T21:43:21","guid":{"rendered":"https:\/\/rdnews.al\/?p=106760"},"modified":"2025-03-07T21:43:21","modified_gmt":"2025-03-07T21:43:21","slug":"protesta-te-medha-ne-serbi-kunder-vucicit","status":"publish","type":"post","link":"https:\/\/rdnews.al\/index.php\/2025\/03\/07\/protesta-te-medha-ne-serbi-kunder-vucicit\/","title":{"rendered":"Protesta t\u00eb m\u00ebdha n\u00eb Serbi kund\u00ebr Vu\u00e7i\u00e7it"},"content":{"rendered":"<p>N\u00eb Serbi sot po mbahet protesta e dyt\u00eb e madhe n\u00eb disa qytete, e cila u thirr nga student\u00ebt.<\/p>\n<p>N\u00eb disa qytete u nderuan ata q\u00eb humb\u00ebn jet\u00ebn nga r\u00ebnia e nj\u00eb strehimoreje n\u00eb Novi Sad. Demonstratat u organizuan n\u00eb shum\u00eb qytete.<\/p>\n<p>Student\u00ebt n\u00eb bllokada i k\u00ebrkuan qytetar\u00ebve t\u00eb \u201cndalojn\u00eb njer\u00ebzit rreth tyre\u201d, t\u00eb dalin nga sht\u00ebpit\u00eb, t\u00eb mos shpenzojn\u00eb para dhe t\u00eb mos shkojn\u00eb n\u00eb pun\u00eb.<\/p>\n<p>Ata k\u00ebshilluan q\u00eb t\u00eb marrin dit\u00eb pushimi ose leje mjek\u00ebsore, si dhe t\u2019i th\u00ebrrasin koleg\u00ebt p\u00ebr t\u2019u bashkuar.<\/p>\n<div class=\"twitter-tweet twitter-tweet-rendered\"><iframe id=\"twitter-widget-0\" class=\"\" title=\"X Post\" src=\"https:\/\/platform.twitter.com\/embed\/Tweet.html?creatorScreenName=Telegrafisti&amp;dnt=false&amp;embedId=twitter-widget-0&amp;features=eyJ0ZndfdGltZWxpbmVfbGlzdCI6eyJidWNrZXQiOltdLCJ2ZXJzaW9uIjpudWxsfSwidGZ3X2ZvbGxvd2VyX2NvdW50X3N1bnNldCI6eyJidWNrZXQiOnRydWUsInZlcnNpb24iOm51bGx9LCJ0ZndfdHdlZXRfZWRpdF9iYWNrZW5kIjp7ImJ1Y2tldCI6Im9uIiwidmVyc2lvbiI6bnVsbH0sInRmd19yZWZzcmNfc2Vzc2lvbiI6eyJidWNrZXQiOiJvbiIsInZlcnNpb24iOm51bGx9LCJ0ZndfZm9zbnJfc29mdF9pbnRlcnZlbnRpb25zX2VuYWJsZWQiOnsiYnVja2V0Ijoib24iLCJ2ZXJzaW9uIjpudWxsfSwidGZ3X21peGVkX21lZGlhXzE1ODk3Ijp7ImJ1Y2tldCI6InRyZWF0bWVudCIsInZlcnNpb24iOm51bGx9LCJ0ZndfZXhwZXJpbWVudHNfY29va2llX2V4cGlyYXRpb24iOnsiYnVja2V0IjoxMjA5NjAwLCJ2ZXJzaW9uIjpudWxsfSwidGZ3X3Nob3dfYmlyZHdhdGNoX3Bpdm90c19lbmFibGVkIjp7ImJ1Y2tldCI6Im9uIiwidmVyc2lvbiI6bnVsbH0sInRmd19kdXBsaWNhdGVfc2NyaWJlc190b19zZXR0aW5ncyI6eyJidWNrZXQiOiJvbiIsInZlcnNpb24iOm51bGx9LCJ0ZndfdXNlX3Byb2ZpbGVfaW1hZ2Vfc2hhcGVfZW5hYmxlZCI6eyJidWNrZXQiOiJvbiIsInZlcnNpb24iOm51bGx9LCJ0ZndfdmlkZW9faGxzX2R5bmFtaWNfbWFuaWZlc3RzXzE1MDgyIjp7ImJ1Y2tldCI6InRydWVfYml0cmF0ZSIsInZlcnNpb24iOm51bGx9LCJ0ZndfbGVnYWN5X3RpbWVsaW5lX3N1bnNldCI6eyJidWNrZXQiOnRydWUsInZlcnNpb24iOm51bGx9LCJ0ZndfdHdlZXRfZWRpdF9mcm9udGVuZCI6eyJidWNrZXQiOiJvbiIsInZlcnNpb24iOm51bGx9fQ%3D%3D&amp;frame=false&amp;hideCard=false&amp;hideThread=false&amp;id=1898039639530750054&amp;lang=en&amp;origin=https%3A%2F%2Ftelegrafi.com%2Fprotesta-te-medha-kunder-vuciqit-ne-serbi%2F&amp;sessionId=b2a9dda304d869809b7338d1923009ea473d7af1&amp;siteScreenName=Telegrafisti&amp;theme=light&amp;widgetsVersion=2615f7e52b7e0%3A1702314776716&amp;width=550px\" frameborder=\"0\" scrolling=\"no\" allowfullscreen=\"allowfullscreen\" data-tweet-id=\"1898039639530750054\" data-mce-fragment=\"1\"><\/iframe><\/div>\n<p>Protestat u mb\u00ebshtet\u00ebn nga mediat, agjencit\u00eb, avokat\u00ebt\u2026 Nj\u00eb veprim i ngjash\u00ebm u mbajt n\u00eb fund t\u00eb janarit, kur shum\u00eb kompani, biznese t\u00eb vogla dhe restorante iu p\u00ebrgjigj\u00ebn thirrjes p\u00ebr pezullimin e pun\u00ebs.<\/p>\n<p>N\u00eb grev\u00ebn e sotme iu bashkuan disa media n\u00eb Serbi, si dhe agjenci mediatike. Po ashtu, dhan\u00eb mb\u00ebshtetje edhe kamerat e avokat\u00ebve n\u00eb Beograd, Kragujevac dhe Nish, si dhe avokat\u00ebt e Vojvodin\u00ebs.<\/p>\n<p>Mediumi\u00a0<a href=\"https:\/\/n1info.rs\/vesti\/danas-generalni-strajk-najnovije-vesti-blog-7-mart\/\" target=\"_blank\" rel=\"noopener\"><strong>N1<\/strong>\u00a0<\/a>raporton se Sindikata e Shkenc\u00ebs e Serbis\u00eb shprehu solidaritet me student\u00ebt n\u00eb bllokada, nd\u00ebrkoh\u00eb q\u00eb sindikata e pushtetit gjyq\u00ebsor e nd\u00ebrpreu pun\u00ebn p\u00ebr nj\u00eb or\u00eb. P\u00ebr nj\u00eb or\u00eb nd\u00ebrpren\u00eb pun\u00ebn dhe muzikant\u00ebt e Teatrit Komb\u00ebtar Serb n\u00eb Novi Sad, Beograd dhe Filarmonia e Beogradit.<\/p>\n<div class=\"related-to-article\">\n<div class=\"related-article-i\"><a href=\"https:\/\/telegrafi.com\/proteste-masive-anti-vuciq-ne-beograd-para-televizionit-rts\/\" target=\"_blank\" rel=\"noopener\"><img decoding=\"async\" src=\"https:\/\/telegrafi.com\/wp-content\/uploads\/2025\/01\/1737144508-protest-dron-rts-170125-foto-nova-rs-4-750x562-1-e1737150477855-380x233.jpg\" alt=\"Protest\u00eb masive anti-Vu\u00e7iq n\u00eb Beograd\" \/><\/a><\/p>\n<div><\/div>\n<div class=\"content\">Biblioteka Komb\u00ebtare kaloi n\u00eb grev\u00eb dyditore, sipas nj\u00eb njoftimi t\u00eb vendosur n\u00eb dyert e k\u00ebsaj institucioni. Edhe librarit\u00eb private i b\u00ebn\u00eb thirrje qytetar\u00ebve q\u00eb t\u00eb mos blejn\u00eb nga ta. Ata nuk mund t\u00eb mbyllen p\u00ebr shkak t\u00eb detyrimeve kontraktuale. Disa sht\u00ebpi botuese iu bashkuan gjithashtu.<\/div>\n<\/div>\n<\/div>\n<p><a href=\"https:\/\/nova.rs\/vesti\/drustvo\/protesti-u-beogradu-7-mart-generalni-strajk-i-okupljanje-studenata\/\" target=\"_blank\" rel=\"noopener\"><strong>Nova.rs<\/strong>\u00a0<\/a>shkruan se grev\u00ebs iu bashkuan edhe pronar\u00ebt e bizneseve t\u00eb vogla n\u00eb Beograd dhe dyqanet online. Sindikata e Mjek\u00ebve dhe Farmacist\u00ebve t\u00eb Serbis\u00eb nd\u00ebrpreu pun\u00ebn p\u00ebr nj\u00eb or\u00eb.<\/p>\n","protected":false},"excerpt":{"rendered":"<p>N\u00eb Serbi sot po mbahet protesta e dyt\u00eb e madhe n\u00eb disa qytete, e cila u thirr nga student\u00ebt. N\u00eb disa qytete u nderuan ata q\u00eb humb\u00ebn jet\u00ebn nga r\u00ebnia e nj\u00eb strehimoreje n\u00eb Novi Sad. Demonstratat u organizuan n\u00eb shum\u00eb qytete. Student\u00ebt n\u00eb bllokada i k\u00ebrkuan qytetar\u00ebve t\u00eb \u201cndalojn\u00eb njer\u00ebzit rreth tyre\u201d, t\u00eb dalin &hellip;<\/p>\n","protected":false},"author":4,"featured_media":106761,"comment_status":"closed","ping_status":"closed","sticky":false,"template":"","format":"standard","meta":{"footnotes":""},"categories":[38],"tags":[],"class_list":["post-106760","post","type-post","status-publish","format-standard","has-post-thumbnail","","category-bota"],"_links":{"self":[{"href":"https:\/\/rdnews.al\/index.php\/wp-json\/wp\/v2\/posts\/106760","targetHints":{"allow":["GET"]}}],"collection":[{"href":"https:\/\/rdnews.al\/index.php\/wp-json\/wp\/v2\/posts"}],"about":[{"href":"https:\/\/rdnews.al\/index.php\/wp-json\/wp\/v2\/types\/post"}],"author":[{"embeddable":true,"href":"https:\/\/rdnews.al\/index.php\/wp-json\/wp\/v2\/users\/4"}],"replies":[{"embeddable":true,"href":"https:\/\/rdnews.al\/index.php\/wp-json\/wp\/v2\/comments?post=106760"}],"version-history":[{"count":1,"href":"https:\/\/rdnews.al\/index.php\/wp-json\/wp\/v2\/posts\/106760\/revisions"}],"predecessor-version":[{"id":106762,"href":"https:\/\/rdnews.al\/index.php\/wp-json\/wp\/v2\/posts\/106760\/revisions\/106762"}],"wp:featuredmedia":[{"embeddable":true,"href":"https:\/\/rdnews.al\/index.php\/wp-json\/wp\/v2\/media\/106761"}],"wp:attachment":[{"href":"https:\/\/rdnews.al\/index.php\/wp-json\/wp\/v2\/media?parent=106760"}],"wp:term":[{"taxonomy":"category","embeddable":true,"href":"https:\/\/rdnews.al\/index.php\/wp-json\/wp\/v2\/categories?post=106760"},{"taxonomy":"post_tag","embeddable":true,"href":"https:\/\/rdnews.al\/index.php\/wp-json\/wp\/v2\/tags?post=106760"}],"curies":[{"name":"wp","href":"https:\/\/api.w.org\/{rel}","templated":true}]}}