{"id":106829,"date":"2025-03-08T22:13:25","date_gmt":"2025-03-08T22:13:25","guid":{"rendered":"https:\/\/rdnews.al\/?p=106829"},"modified":"2025-03-08T22:13:32","modified_gmt":"2025-03-08T22:13:32","slug":"ish-ministri-socialist-i-financave-shperthen-ndaj-rames-i-babezitur-dhe-i-pangopur","status":"publish","type":"post","link":"https:\/\/rdnews.al\/index.php\/2025\/03\/08\/ish-ministri-socialist-i-financave-shperthen-ndaj-rames-i-babezitur-dhe-i-pangopur\/","title":{"rendered":"Ish-ministri socialist i Financave shp\u00ebrthen ndaj Ram\u00ebs: I bab\u00ebzitur dhe i pangopur"},"content":{"rendered":"<div class=\"jeg_share_top_container\">\n<div class=\"jeg_share_button clearfix\">\n<div class=\"jeg_sharelist\">Ish-ministri i Financave Arben Malaj ka shp\u00ebrthyer ndaj kryeministrit Edi Rama, duke e kritikuar p\u00ebr disa vendime dhe q\u00ebndrime t\u00eb tij, t\u00eb cilat sipas ish-ministrit t\u00eb Financave kan\u00eb krijuar gjendjen aktuale n\u00eb Partin\u00eb Socialiste.<\/div>\n<\/div>\n<\/div>\n<div class=\"entry-content no-share\">\n<div class=\"content-inner \">\n<p>Malaj ka deklaruar mb\u00ebmjen e sotme se Rama ka larguar nga radh\u00ebt e PS figura me pesh\u00eb dhe integritet, t\u00eb cilat sipas tij duhej t\u00eb ruheshin dhe t\u00eb integroheshin me prurjet e reja.<\/p>\n<p>\u201c<em>Po t\u00eb shikosh n\u00eb bot\u00eb, gjeneratat harmonizohen. Ku i ka PS dhe PD disa figura, disa ikona q\u00eb amortizojn\u00eb zhvillimet e brendshme apo leht\u00ebsojn\u00eb marr\u00ebveshjet e m\u00ebdha komb\u00ebtare. Dometh\u00ebn\u00eb Arta Dade \u00ebsht\u00eb e re akoma dhe ishte nj\u00eb personalitet i PS. Ermelinda Meksi ishte nj\u00eb ekonomiste e talentuar dhe me integritet. Valentina Leskaj ka nj\u00eb network komb\u00ebtar t\u00eb jasht\u00ebzakonsh\u00ebm. Ato mund t\u00eb harmonizoheshin dhe PS ka pasur gjithmon\u00eb 65-75 deputet\u00eb. Kishte vend q\u00eb me 1\/3 e tyre t\u00eb rigjenerohej dhe kishte vend t\u00eb krijonte edhe figurat<\/em>\u201d, tha Malaj.<\/p>\n<p>Si p\u00ebr t\u00eb ironizuar grupin parlamentar socialist, Malaj shtoi shfryt\u00ebzoi shprehjen: \u201c<em>\u00cbsht\u00eb si puna e sht\u00ebpis\u00eb! Sht\u00ebpia merr frym\u00ebn e t\u00eb zotit t\u00eb sht\u00ebpis\u00eb<\/em>\u201d.<\/p>\n<p>Nj\u00eb varg kritikash, ish-ministri i Financave e pati edhe p\u00ebr luksin e shfrenuar, ku sipas tij lundron qeveria Rama.<\/p>\n<p><em>E them me bindje se \u00ebsht\u00eb m\u00eb mir\u00eb t\u00eb kesh nj\u00eb xhaket\u00eb t\u00eb vjet\u00ebr, sesa nj\u00eb kostum firmato t\u00eb lyrosur nga bab\u00ebzia dhe pangop\u00ebsia. \u00cbsht\u00eb m\u00eb mir\u00eb t\u00eb hash buk\u00eb that\u00eb se sa t\u00eb hash nj\u00eb biftek 1 mij\u00eb dollar\u00eb. \u00cbsht\u00eb m\u00eb mir\u00eb t\u00eb pish l\u00ebng molle n\u00eb Vermosh sesa t\u00eb pish shishe vere 33 mij\u00eb euro. Pra ka element\u00eb kritik\u00eb q\u00eb nuk kan\u00eb t\u00eb b\u00ebjn\u00eb me individin, ka t\u00eb b\u00ebj\u00eb me ata q\u00eb jan\u00eb brenda nj\u00eb force politike dhe kan\u00eb p\u00ebrgjegj\u00ebsi ndaj publikut<\/em>\u201d, deklaroi Malaj n\u00eb A2 CNN.<\/p>\n<\/div>\n<\/div>\n","protected":false},"excerpt":{"rendered":"<p>Ish-ministri i Financave Arben Malaj ka shp\u00ebrthyer ndaj kryeministrit Edi Rama, duke e kritikuar p\u00ebr disa vendime dhe q\u00ebndrime t\u00eb tij, t\u00eb cilat sipas ish-ministrit t\u00eb Financave kan\u00eb krijuar gjendjen aktuale n\u00eb Partin\u00eb Socialiste. Malaj ka deklaruar mb\u00ebmjen e sotme se Rama ka larguar nga radh\u00ebt e PS figura me pesh\u00eb dhe integritet, t\u00eb cilat &hellip;<\/p>\n","protected":false},"author":3,"featured_media":106830,"comment_status":"closed","ping_status":"closed","sticky":false,"template":"","format":"standard","meta":{"footnotes":""},"categories":[37],"tags":[],"class_list":["post-106829","post","type-post","status-publish","format-standard","has-post-thumbnail","","category-politike"],"_links":{"self":[{"href":"https:\/\/rdnews.al\/index.php\/wp-json\/wp\/v2\/posts\/106829","targetHints":{"allow":["GET"]}}],"collection":[{"href":"https:\/\/rdnews.al\/index.php\/wp-json\/wp\/v2\/posts"}],"about":[{"href":"https:\/\/rdnews.al\/index.php\/wp-json\/wp\/v2\/types\/post"}],"author":[{"embeddable":true,"href":"https:\/\/rdnews.al\/index.php\/wp-json\/wp\/v2\/users\/3"}],"replies":[{"embeddable":true,"href":"https:\/\/rdnews.al\/index.php\/wp-json\/wp\/v2\/comments?post=106829"}],"version-history":[{"count":1,"href":"https:\/\/rdnews.al\/index.php\/wp-json\/wp\/v2\/posts\/106829\/revisions"}],"predecessor-version":[{"id":106831,"href":"https:\/\/rdnews.al\/index.php\/wp-json\/wp\/v2\/posts\/106829\/revisions\/106831"}],"wp:featuredmedia":[{"embeddable":true,"href":"https:\/\/rdnews.al\/index.php\/wp-json\/wp\/v2\/media\/106830"}],"wp:attachment":[{"href":"https:\/\/rdnews.al\/index.php\/wp-json\/wp\/v2\/media?parent=106829"}],"wp:term":[{"taxonomy":"category","embeddable":true,"href":"https:\/\/rdnews.al\/index.php\/wp-json\/wp\/v2\/categories?post=106829"},{"taxonomy":"post_tag","embeddable":true,"href":"https:\/\/rdnews.al\/index.php\/wp-json\/wp\/v2\/tags?post=106829"}],"curies":[{"name":"wp","href":"https:\/\/api.w.org\/{rel}","templated":true}]}}