{"id":106832,"date":"2025-03-08T22:30:02","date_gmt":"2025-03-08T22:30:02","guid":{"rendered":"https:\/\/rdnews.al\/?p=106832"},"modified":"2025-03-08T22:30:02","modified_gmt":"2025-03-08T22:30:02","slug":"marco-rubio-paralajmeron-serbet-e-bosnjes","status":"publish","type":"post","link":"https:\/\/rdnews.al\/index.php\/2025\/03\/08\/marco-rubio-paralajmeron-serbet-e-bosnjes\/","title":{"rendered":"Marco Rubio paralajm\u00ebron serb\u00ebt e Bosnjes"},"content":{"rendered":"<p>Sekretari amerikan i Shtetit, Marco Rubio, i cil\u00ebsoi si k\u00ebrc\u00ebnim p\u00ebr sigurin\u00eb dhe q\u00ebndrueshm\u00ebrin\u00eb e Bosnj\u00ebs e Hercegovin\u00ebs ligjet e miratuara nga autoritetet e entitetit serb, t\u00eb cil\u00ebt ndalojn\u00eb gjyq\u00ebsorin dhe policin\u00eb shtet\u00ebrore t\u00eb Bosnj\u00ebs t\u00eb veprojn\u00eb n\u00eb territorin e Republik\u00ebs Serbe.<\/p>\n<p>\u201cVeprimet e Presidentit t\u00eb Republik\u00ebs Serbe, Milorad Dodik, po d\u00ebmtojn\u00eb institucionet e Bosnj\u00ebs e Hercegovin\u00ebs dhe po k\u00ebrc\u00ebnojn\u00eb sigurin\u00eb dhe q\u00ebndrueshm\u00ebrin\u00eb e saj\u201d, shkroi sekretari Rubio n\u00eb platform\u00ebn X. \u201cVendi yn\u00eb inkurajon udh\u00ebheq\u00ebsit politik\u00eb n\u00eb Bosnj\u00eb dhe Hercegovin\u00eb q\u00eb t\u00eb angazhohen n\u00eb dialog konstruktiv dhe t\u00eb p\u00ebrgjegjsh\u00ebm. Ne u b\u00ebjm\u00eb thirrje partner\u00ebve tan\u00eb n\u00eb rajon q\u00eb t\u00eb bashkohen me ne p\u00ebr t\u00eb kund\u00ebrshtuar k\u00ebt\u00eb sjellje t\u00eb rrezikshme dhe destabilizuese\u201d, shkroi ai.<\/p>\n<div class=\"clear\"><\/div>\n<div class=\"wsw__embed\">\n<div class=\"infgraphicsAttach\">\n<div class=\"twitterSnippetProcessed\">\n<div class=\"twitter-tweet twitter-tweet-rendered\"><iframe id=\"twitter-widget-0\" class=\"\" title=\"X Post\" src=\"https:\/\/platform.twitter.com\/embed\/Tweet.html?dnt=false&amp;embedId=twitter-widget-0&amp;features=eyJ0ZndfdGltZWxpbmVfbGlzdCI6eyJidWNrZXQiOltdLCJ2ZXJzaW9uIjpudWxsfSwidGZ3X2ZvbGxvd2VyX2NvdW50X3N1bnNldCI6eyJidWNrZXQiOnRydWUsInZlcnNpb24iOm51bGx9LCJ0ZndfdHdlZXRfZWRpdF9iYWNrZW5kIjp7ImJ1Y2tldCI6Im9uIiwidmVyc2lvbiI6bnVsbH0sInRmd19yZWZzcmNfc2Vzc2lvbiI6eyJidWNrZXQiOiJvbiIsInZlcnNpb24iOm51bGx9LCJ0ZndfZm9zbnJfc29mdF9pbnRlcnZlbnRpb25zX2VuYWJsZWQiOnsiYnVja2V0Ijoib24iLCJ2ZXJzaW9uIjpudWxsfSwidGZ3X21peGVkX21lZGlhXzE1ODk3Ijp7ImJ1Y2tldCI6InRyZWF0bWVudCIsInZlcnNpb24iOm51bGx9LCJ0ZndfZXhwZXJpbWVudHNfY29va2llX2V4cGlyYXRpb24iOnsiYnVja2V0IjoxMjA5NjAwLCJ2ZXJzaW9uIjpudWxsfSwidGZ3X3Nob3dfYmlyZHdhdGNoX3Bpdm90c19lbmFibGVkIjp7ImJ1Y2tldCI6Im9uIiwidmVyc2lvbiI6bnVsbH0sInRmd19kdXBsaWNhdGVfc2NyaWJlc190b19zZXR0aW5ncyI6eyJidWNrZXQiOiJvbiIsInZlcnNpb24iOm51bGx9LCJ0ZndfdXNlX3Byb2ZpbGVfaW1hZ2Vfc2hhcGVfZW5hYmxlZCI6eyJidWNrZXQiOiJvbiIsInZlcnNpb24iOm51bGx9LCJ0ZndfdmlkZW9faGxzX2R5bmFtaWNfbWFuaWZlc3RzXzE1MDgyIjp7ImJ1Y2tldCI6InRydWVfYml0cmF0ZSIsInZlcnNpb24iOm51bGx9LCJ0ZndfbGVnYWN5X3RpbWVsaW5lX3N1bnNldCI6eyJidWNrZXQiOnRydWUsInZlcnNpb24iOm51bGx9LCJ0ZndfdHdlZXRfZWRpdF9mcm9udGVuZCI6eyJidWNrZXQiOiJvbiIsInZlcnNpb24iOm51bGx9fQ%3D%3D&amp;frame=false&amp;hideCard=false&amp;hideThread=false&amp;id=1898180490869588305&amp;lang=en&amp;origin=https%3A%2F%2Fwww.zeriamerikes.com%2Fa%2F8003799.html&amp;sessionId=e8e6461dec8b69491235cda626cd538196ba9aff&amp;siteScreenName=zeriamerikes&amp;theme=light&amp;widgetsVersion=2615f7e52b7e0%3A1702314776716&amp;width=550px\" frameborder=\"0\" scrolling=\"no\" allowfullscreen=\"allowfullscreen\" data-tweet-id=\"1898180490869588305\" data-mce-fragment=\"1\"><\/iframe><\/div>\n<\/div>\n<\/div>\n<\/div>\n<p>Ligjet kan\u00eb nxitur tensione n\u00eb vendin ballkanik t\u00eb ndar\u00eb etnikisht dhe zyrtar\u00ebt boshnjak\u00eb u ankuan n\u00eb Gjykat\u00ebn Kushtetuese, e cila i pezulloi p\u00ebrkoh\u00ebsisht ligjet t\u00eb premten, duke theksuar se zbatimi i tyre do t\u00eb kishte \u201cpasoja serioze dhe t\u00eb pashmangshme\u201d, duke rrezikuar rendin kushtetues, ligjor si dhe sovranitetin e Bosnj\u00ebs.<\/p>\n<p>Serb\u00ebt e Bosnj\u00ebs miratuan legjislacionin pasi nj\u00eb gjykat\u00eb boshnjake d\u00ebnoi Milorad Dodikun, presidentin pro-rus t\u00eb Republik\u00ebs Serbe muajin e kaluar me nj\u00eb vit burg dhe gjasht\u00eb vjet ndalim t\u00eb p\u00ebrfshirjes n\u00eb postet publike, p\u00ebr shkak t\u00eb veprimeve ndar\u00ebse t\u00eb tij.<\/p>\n<p>Milorad Dodiku tha se ka n\u00eb plan t\u00eb shp\u00ebrfill\u00eb vendimin, i cili b\u00ebhet i form\u00ebs s\u00eb prer\u00eb pas nj\u00eb procesi t\u00eb apelimit.<\/p>\n<p>Zyrtar\u00ebt e Bosnj\u00ebs thon\u00eb se grupi i ligjeve t\u00eb miratuara nga Republika Serbe, p\u00ebrfaq\u00ebson nj\u00eb grusht shteti dhe nj\u00eb hap t\u00eb madh n\u00eb shp\u00ebrb\u00ebrjen e vendit.<\/p>\n<div data-owner-ct=\"Article\" data-inline=\"False\">\n<div class=\"media-block also-read\">Gjykata e lart\u00eb e Bosnj\u00ebs pezullon p\u00ebrkoh\u00ebsisht ligjet separatiste t\u00eb rajonit serb<\/div>\n<\/div>\n<p>Bosnja p\u00ebrb\u00ebhet nga dy entitete, nj\u00ebri e dominuar nga serb\u00ebt e Bosnj\u00ebs dhe tjetri i drejtuar nga boshnjak\u00ebt mysliman\u00eb dhe kroat\u00eb.<\/p>\n<p>Marr\u00ebveshja e paqes e Dejtonit q\u00eb i dha fund luft\u00ebs s\u00eb Bosnj\u00ebs, e cila la pas vetes m\u00eb shum\u00eb se 100,000 t\u00eb vrar\u00eb dhe miliona t\u00eb zhvendosur, parashikoi gjithashtu q\u00eb entitetet t\u00eb jen\u00eb t\u00eb lidhura nga institucionet e p\u00ebrbashk\u00ebta shtet\u00ebrore, duke p\u00ebrfshir\u00eb ushtrin\u00eb, gjyq\u00ebsorin e lart\u00eb dhe administrat\u00ebn tatimore.<\/p>\n<p>Milorad Dodiku vazhdimisht ka b\u00ebr\u00eb thirrje p\u00ebr ndarjen e gjysm\u00ebs s\u00eb Bosnj\u00ebs t\u00eb drejtuar nga serb\u00ebt p\u00ebr t&#8217;u bashkuar me Serbin\u00eb fqinje dhe p\u00ebr k\u00ebt\u00eb arsye ish-administrata amerikan vendosi sanksione kund\u00ebr tij dhe aleat\u00ebve t\u00eb tij t\u00eb ngusht\u00eb.<\/p>\n","protected":false},"excerpt":{"rendered":"<p>Sekretari amerikan i Shtetit, Marco Rubio, i cil\u00ebsoi si k\u00ebrc\u00ebnim p\u00ebr sigurin\u00eb dhe q\u00ebndrueshm\u00ebrin\u00eb e Bosnj\u00ebs e Hercegovin\u00ebs ligjet e miratuara nga autoritetet e entitetit serb, t\u00eb cil\u00ebt ndalojn\u00eb gjyq\u00ebsorin dhe policin\u00eb shtet\u00ebrore t\u00eb Bosnj\u00ebs t\u00eb veprojn\u00eb n\u00eb territorin e Republik\u00ebs Serbe. \u201cVeprimet e Presidentit t\u00eb Republik\u00ebs Serbe, Milorad Dodik, po d\u00ebmtojn\u00eb institucionet e Bosnj\u00ebs &hellip;<\/p>\n","protected":false},"author":3,"featured_media":106833,"comment_status":"closed","ping_status":"closed","sticky":false,"template":"","format":"standard","meta":{"footnotes":""},"categories":[38],"tags":[],"class_list":["post-106832","post","type-post","status-publish","format-standard","has-post-thumbnail","","category-bota"],"_links":{"self":[{"href":"https:\/\/rdnews.al\/index.php\/wp-json\/wp\/v2\/posts\/106832","targetHints":{"allow":["GET"]}}],"collection":[{"href":"https:\/\/rdnews.al\/index.php\/wp-json\/wp\/v2\/posts"}],"about":[{"href":"https:\/\/rdnews.al\/index.php\/wp-json\/wp\/v2\/types\/post"}],"author":[{"embeddable":true,"href":"https:\/\/rdnews.al\/index.php\/wp-json\/wp\/v2\/users\/3"}],"replies":[{"embeddable":true,"href":"https:\/\/rdnews.al\/index.php\/wp-json\/wp\/v2\/comments?post=106832"}],"version-history":[{"count":1,"href":"https:\/\/rdnews.al\/index.php\/wp-json\/wp\/v2\/posts\/106832\/revisions"}],"predecessor-version":[{"id":106834,"href":"https:\/\/rdnews.al\/index.php\/wp-json\/wp\/v2\/posts\/106832\/revisions\/106834"}],"wp:featuredmedia":[{"embeddable":true,"href":"https:\/\/rdnews.al\/index.php\/wp-json\/wp\/v2\/media\/106833"}],"wp:attachment":[{"href":"https:\/\/rdnews.al\/index.php\/wp-json\/wp\/v2\/media?parent=106832"}],"wp:term":[{"taxonomy":"category","embeddable":true,"href":"https:\/\/rdnews.al\/index.php\/wp-json\/wp\/v2\/categories?post=106832"},{"taxonomy":"post_tag","embeddable":true,"href":"https:\/\/rdnews.al\/index.php\/wp-json\/wp\/v2\/tags?post=106832"}],"curies":[{"name":"wp","href":"https:\/\/api.w.org\/{rel}","templated":true}]}}