{"id":106942,"date":"2025-03-10T20:26:21","date_gmt":"2025-03-10T20:26:21","guid":{"rendered":"https:\/\/rdnews.al\/?p=106942"},"modified":"2025-03-10T20:26:28","modified_gmt":"2025-03-10T20:26:28","slug":"zelensky-i-kerkon-falje-trump-per-incidentin-ne-shtepine-e-bardhe-permes-nje-letre-te-gjate","status":"publish","type":"post","link":"https:\/\/rdnews.al\/index.php\/2025\/03\/10\/zelensky-i-kerkon-falje-trump-per-incidentin-ne-shtepine-e-bardhe-permes-nje-letre-te-gjate\/","title":{"rendered":"Zelensky i k\u00ebrkon falje Trump p\u00ebr incidentin n\u00eb Sht\u00ebpin\u00eb e Bardh\u00eb p\u00ebrmes nj\u00eb letre t\u00eb gjat\u00eb"},"content":{"rendered":"<p>\u201cZelensky i d\u00ebrgoi nj\u00eb let\u00ebr presidentit. Ai k\u00ebrkoi falje p\u00ebr gjith\u00eb at\u00eb incident q\u00eb ndodhi n\u00eb Zyr\u00ebn Ovale\u201d, tha Witkoff, p\u00ebr Fox News t\u00eb h\u00ebn\u00ebn.<\/p>\n<p>\u201cUn\u00eb mendoj se ishte nj\u00eb hap i r\u00ebnd\u00ebsish\u00ebm dhe ka pasur shum\u00eb diskutime midis ekipeve tona dhe ukrainasve dhe evropian\u00ebve q\u00eb jan\u00eb gjithashtu t\u00eb r\u00ebnd\u00ebsish\u00ebm p\u00ebr k\u00ebt\u00eb diskutim.\u201d<\/p>\n<p>Trump zbuloi publikisht se mori nj\u00eb let\u00ebr nga Zelensky t\u00eb mart\u00ebn e kaluar gjat\u00eb fjalimit t\u00eb tij vjetor presidencial n\u00eb Kongres jav\u00ebn e kaluar. Por Trump nuk p\u00ebrmendi ndjes\u00ebn e Zelenskyt.<\/p>\n<p>\u201cUkraina \u00ebsht\u00eb e gatshme t\u00eb vij\u00eb n\u00eb tryez\u00ebn e bisedimeve sa m\u00eb shpejt q\u00eb t\u00eb jet\u00eb e mundur p\u00ebr t\u00eb sjell\u00eb m\u00eb af\u00ebr paqen e q\u00ebndrueshme. Askush nuk d\u00ebshiron paqe m\u00eb shum\u00eb se ukrainasit,\u201d lexoi Trump nga letra e Zelenskyt jav\u00ebn e kaluar gjat\u00eb fjalimit t\u00eb tij n\u00eb Kongres.<\/p>\n<p>\u201cNe v\u00ebrtet vler\u00ebsojm\u00eb se sa shum\u00eb ka b\u00ebr\u00eb Amerika p\u00ebr t\u00eb ndihmuar Ukrain\u00ebn t\u00eb ruaj\u00eb sovranitetin dhe pavar\u00ebsin\u00eb e saj.\u201d<\/p>\n<p>Zyrtar\u00ebt amerikan\u00eb dhe ukrainas po p\u00ebrgatiten p\u00ebr nj\u00eb takim n\u00eb Arabin\u00eb Saudite q\u00eb fillon t\u00eb mart\u00ebn p\u00ebr t\u00eb diskutuar m\u00eb tej nj\u00eb plan p\u00ebr t\u2019i dh\u00ebn\u00eb fund luft\u00ebs s\u00eb p\u00ebrgjakshme t\u00eb shkaktuar nga pushtimi i paprovokuar i Rusis\u00eb.<\/p>\n","protected":false},"excerpt":{"rendered":"<p>\u201cZelensky i d\u00ebrgoi nj\u00eb let\u00ebr presidentit. Ai k\u00ebrkoi falje p\u00ebr gjith\u00eb at\u00eb incident q\u00eb ndodhi n\u00eb Zyr\u00ebn Ovale\u201d, tha Witkoff, p\u00ebr Fox News t\u00eb h\u00ebn\u00ebn. \u201cUn\u00eb mendoj se ishte nj\u00eb hap i r\u00ebnd\u00ebsish\u00ebm dhe ka pasur shum\u00eb diskutime midis ekipeve tona dhe ukrainasve dhe evropian\u00ebve q\u00eb jan\u00eb gjithashtu t\u00eb r\u00ebnd\u00ebsish\u00ebm p\u00ebr k\u00ebt\u00eb diskutim.\u201d Trump zbuloi &hellip;<\/p>\n","protected":false},"author":3,"featured_media":106943,"comment_status":"closed","ping_status":"closed","sticky":false,"template":"","format":"standard","meta":{"footnotes":""},"categories":[38],"tags":[],"class_list":["post-106942","post","type-post","status-publish","format-standard","has-post-thumbnail","","category-bota"],"_links":{"self":[{"href":"https:\/\/rdnews.al\/index.php\/wp-json\/wp\/v2\/posts\/106942","targetHints":{"allow":["GET"]}}],"collection":[{"href":"https:\/\/rdnews.al\/index.php\/wp-json\/wp\/v2\/posts"}],"about":[{"href":"https:\/\/rdnews.al\/index.php\/wp-json\/wp\/v2\/types\/post"}],"author":[{"embeddable":true,"href":"https:\/\/rdnews.al\/index.php\/wp-json\/wp\/v2\/users\/3"}],"replies":[{"embeddable":true,"href":"https:\/\/rdnews.al\/index.php\/wp-json\/wp\/v2\/comments?post=106942"}],"version-history":[{"count":2,"href":"https:\/\/rdnews.al\/index.php\/wp-json\/wp\/v2\/posts\/106942\/revisions"}],"predecessor-version":[{"id":106945,"href":"https:\/\/rdnews.al\/index.php\/wp-json\/wp\/v2\/posts\/106942\/revisions\/106945"}],"wp:featuredmedia":[{"embeddable":true,"href":"https:\/\/rdnews.al\/index.php\/wp-json\/wp\/v2\/media\/106943"}],"wp:attachment":[{"href":"https:\/\/rdnews.al\/index.php\/wp-json\/wp\/v2\/media?parent=106942"}],"wp:term":[{"taxonomy":"category","embeddable":true,"href":"https:\/\/rdnews.al\/index.php\/wp-json\/wp\/v2\/categories?post=106942"},{"taxonomy":"post_tag","embeddable":true,"href":"https:\/\/rdnews.al\/index.php\/wp-json\/wp\/v2\/tags?post=106942"}],"curies":[{"name":"wp","href":"https:\/\/api.w.org\/{rel}","templated":true}]}}