{"id":106955,"date":"2025-03-11T09:14:12","date_gmt":"2025-03-11T09:14:12","guid":{"rendered":"https:\/\/rdnews.al\/?p=106955"},"modified":"2025-03-11T11:40:07","modified_gmt":"2025-03-11T11:40:07","slug":"deshmia-ne-kongresin-amerikan-shqiperia-qendra-e-fondacionit-soros-per-ballkanin-lidhjet-e-rames-me-george-dhe-alex-soros","status":"publish","type":"post","link":"https:\/\/rdnews.al\/index.php\/2025\/03\/11\/deshmia-ne-kongresin-amerikan-shqiperia-qendra-e-fondacionit-soros-per-ballkanin-lidhjet-e-rames-me-george-dhe-alex-soros\/","title":{"rendered":"D\u00ebshmia n\u00eb Kongresin amerikan: Shqip\u00ebria qendra e fondacionit Soros p\u00ebr Ballkanin, lidhjet me Ram\u00ebn&#8230;"},"content":{"rendered":"<p>N\u00eb raportimin n\u00eb Kongresin amerikan p\u00ebr abuzimet me fondet e taksapaguesve, gazetari Tyler O\u2019Neil p\u00ebrmendi edhe rastin e Shqip\u00ebris\u00eb dhe lidhjen me fondacionin Soros.<\/p>\n<p>Tyler O\u2019Neil, n\u00eb nj\u00eb intervist\u00eb me gazetarin Blendi Fevziu p\u00ebr emisionin Opinion n\u00eb Tv Klan, tha se, sipas informacioneve t\u00eb tij, Shqip\u00ebria \u00ebsht\u00eb qendra e fondacionit Soros p\u00ebr rajonin e Ballkanit.<\/p>\n<p>Gjat\u00eb intervist\u00ebs, Tyler O\u2019Neil p\u00ebrmendi edhe lidhjet e ngushta mes George Soros dhe Alex Soros me kryeministrin Edi Rama.<\/p>\n<p><strong>Blendi Fevziu:<\/strong>\u00a0Zoti O\u2019Neil, nga i keni marr\u00eb k\u00ebto informacione lidhur me p\u00ebrfshirjen e Soros-it n\u00eb Institutin e Menaxhimit Lindje \u2013 Per\u00ebndim. Kryeministri shqiptar ka deklaruar se Soros-i kurr\u00eb nuk \u00ebsht\u00eb p\u00ebrfshir\u00eb n\u00eb shpalljen e zotit Berisha si non-grata.<\/p>\n<p><strong>Tyler O\u2019Neil:<\/strong>\u00a0Nuk kam prova konkrete p\u00ebr p\u00ebrfshirjen e Soros-it n\u00eb shpalljen e Berish\u00ebs si non-grata ajo \u00e7ka di \u00ebsht\u00eb q\u00eb kritik\u00ebt b\u00ebjn\u00eb lidhje t\u00eb tilla dhe k\u00ebto lidhje jan\u00eb aty. P\u00ebr sa i p\u00ebrket financimit t\u00eb Institutit t\u00eb Menaxhimit Lindje \u2013 Per\u00ebndim, burimet vijn\u00eb direkt qeveria e Shteteve t\u00eb Bashkuara. Instituti i Menaxhimit Lindje \u2013 Per\u00ebndim po ashtu liston Fondacionin Shoq\u00ebria e Hapur si nj\u00eb prej donator\u00ebve t\u00eb saj duke pasur nj\u00eb marr\u00ebdh\u00ebnie shum\u00eb t\u00eb gjat\u00eb me nj\u00ebra tjetr\u00ebn. Nuk \u00ebsht\u00eb e v\u00ebshtir\u00eb q\u00eb t\u00eb b\u00ebhen lidhje t\u00eb tilla duke u mb\u00ebshtetur te k\u00ebto bazat.<\/p>\n<p><strong>Blendi Fevziu:\u00a0<\/strong>Sa i madh ka qen\u00eb ndikimi i George Soros-it, fondacionit t\u00eb tij, ose djalit t\u00eb tij Alex Soros n\u00eb administrat\u00ebn e Shteteve t\u00eb Bashkuara gjat\u00eb presidenc\u00ebs s\u00eb Biden-it?<\/p>\n<p><strong>Tyler O\u2019Neil:<\/strong>\u00a0Ka pasur nj\u00eb ndikim shum\u00eb t\u00eb madh. Jo vet\u00ebm q\u00eb e shikojm\u00eb Alex Soros-in n\u00eb m\u00ebnyr\u00eb t\u00eb vazhdueshme gjat\u00eb fushat\u00ebs me zv\/presidentet Kamala Harris dhe demokrat\u00ebt e tjer\u00eb t\u00eb lart\u00eb q\u00eb garonin p\u00ebr poste por po ashtu kemi par\u00eb shum\u00eb organizata t\u00eb ndryshme t\u00eb financuara nga George Soros-i, n\u00ebp\u00ebrmjet Fondacionit Shoq\u00ebria e Hapur, duke b\u00ebr\u00eb thirrje t\u00eb ndryshme, duke pasur nj\u00eb ndikim n\u00eb politik\u00ebn brenda administrat\u00ebs s\u00eb Biden-it p\u00ebr sa i p\u00ebrket Departamentit Amerikan i Drejt\u00ebsis\u00eb, masave t\u00eb nd\u00ebrmarra kund\u00ebr naft\u00ebs dhe gazit, hapjes s\u00eb kufjeve n\u00eb jug t\u00eb vendit duke lejuar emigrimin n\u00eb shifra t\u00eb larta. Po ashtu pam\u00eb se gjat\u00eb dit\u00ebve t\u00eb fundit t\u00eb administrat\u00ebs s\u00eb Biden-it, Presidenti Biden dekoroj me Medaljen Presidenciale t\u00eb Liris\u00eb, vler\u00ebsimin m\u00eb t\u00eb madh civil, George Soros-in dhe Alex Soros-i e mori at\u00eb n\u00eb em\u00ebr t\u00eb babait t\u00eb vet\u00eb.<\/p>\n<p><strong>Blendi Fevziu:<\/strong>\u00a0Alex Soros-i e ka vizituar shum\u00eb shpesh Shqip\u00ebrin\u00eb dhe duke menduar r\u00ebnd\u00ebsin\u00eb e vendit kjo duket paksa e \u00e7uditshme. A ka keni ndonj\u00eb informacion se pse jan\u00eb kaq t\u00eb forta marr\u00ebdh\u00ebniet midis Soros-it dhe Shqip\u00ebris\u00eb, Shqip\u00ebris\u00eb dhe vendeve t\u00eb tjera fqinj\u00eb si Kosova, Maqedonia, Serbia dhe Mali i Zi?<\/p>\n<p><strong>Tyler O\u2019Neil:<\/strong>\u00a0Burimet e mia tregojn\u00eb se George dhe Alex Soros duket se kan\u00eb zgjedhur Shqip\u00ebrin\u00eb si rastin e par\u00eb t\u00eb prov\u00ebs p\u00ebr parat\u00eb, operacionet dhe p\u00ebrpjekjet e tyre p\u00ebr t\u00eb ndryshuar m\u00ebnyr\u00ebn se si punon qeveria n\u00eb Evrop\u00ebn lindore. Shqip\u00ebria ka v\u00ebmendje shum\u00eb t\u00eb lart\u00eb. Po ashtu duhet t\u00eb keni\u00a0parasysh q\u00eb George dhe Alex Soros-i kan\u00eb marr\u00ebdh\u00ebnie shum\u00eb t\u00eb ngusht\u00eb me Kryeministrin\u00eb e Shqip\u00ebris\u00eb.<\/p>\n<p><strong>Blendi Fevziu:\u00a0<\/strong>Mendoni se qendra e Soros-it p\u00ebr rajonin \u00ebsht\u00eb Shqip\u00ebria?<\/p>\n<p><strong>Tyler O\u2019Neil:\u00a0<\/strong>K\u00ebt\u00eb gj\u00eb m\u00eb kan\u00eb treguar burimet e mia. Po!<\/p>\n<p><strong>Blendi Fevziu:<\/strong>\u00a0Po p\u00ebrve\u00e7 Fondacionit t\u00eb Soros-it, \u00e7far\u00eb informacionesh keni p\u00ebr investimet e USAID-it n\u00eb Shqip\u00ebri? Kemi ndonj\u00eb hetim ose m\u00eb shum\u00eb informacion?<\/p>\n<p><strong>Tyler O\u2019Neil:\u00a0<\/strong>M\u00eb s\u00eb shumti lidhjet q\u00eb gjeta atje jan\u00eb n\u00ebp\u00ebrmjet Institutit t\u00eb Menaxhimit Lindje \u2013 Per\u00ebndim dhe reformat q\u00eb kan\u00eb promovuar n\u00eb Shqip\u00ebri si dhe financimet e kryera nga Soros-i kundrejt k\u00ebtij Institutit. Megjithat\u00eb ka shum\u00eb organizata t\u00eb tjera t\u00eb cilat kan\u00eb qen\u00eb t\u00eb varura financiarisht nga Fondacioni Shoq\u00ebria e Hapur dhe grupe t\u00eb tjera t\u00eb Soros-it t\u00eb cilat operojn\u00eb aty n\u00eb Shqip\u00ebri.<\/p>\n","protected":false},"excerpt":{"rendered":"<p>N\u00eb raportimin n\u00eb Kongresin amerikan p\u00ebr abuzimet me fondet e taksapaguesve, gazetari Tyler O\u2019Neil p\u00ebrmendi edhe rastin e Shqip\u00ebris\u00eb dhe lidhjen me fondacionin Soros. Tyler O\u2019Neil, n\u00eb nj\u00eb intervist\u00eb me gazetarin Blendi Fevziu p\u00ebr emisionin Opinion n\u00eb Tv Klan, tha se, sipas informacioneve t\u00eb tij, Shqip\u00ebria \u00ebsht\u00eb qendra e fondacionit Soros p\u00ebr rajonin e Ballkanit. &hellip;<\/p>\n","protected":false},"author":4,"featured_media":106956,"comment_status":"closed","ping_status":"closed","sticky":false,"template":"","format":"standard","meta":{"footnotes":""},"categories":[37],"tags":[],"class_list":["post-106955","post","type-post","status-publish","format-standard","has-post-thumbnail","","category-politike"],"_links":{"self":[{"href":"https:\/\/rdnews.al\/index.php\/wp-json\/wp\/v2\/posts\/106955","targetHints":{"allow":["GET"]}}],"collection":[{"href":"https:\/\/rdnews.al\/index.php\/wp-json\/wp\/v2\/posts"}],"about":[{"href":"https:\/\/rdnews.al\/index.php\/wp-json\/wp\/v2\/types\/post"}],"author":[{"embeddable":true,"href":"https:\/\/rdnews.al\/index.php\/wp-json\/wp\/v2\/users\/4"}],"replies":[{"embeddable":true,"href":"https:\/\/rdnews.al\/index.php\/wp-json\/wp\/v2\/comments?post=106955"}],"version-history":[{"count":2,"href":"https:\/\/rdnews.al\/index.php\/wp-json\/wp\/v2\/posts\/106955\/revisions"}],"predecessor-version":[{"id":106978,"href":"https:\/\/rdnews.al\/index.php\/wp-json\/wp\/v2\/posts\/106955\/revisions\/106978"}],"wp:featuredmedia":[{"embeddable":true,"href":"https:\/\/rdnews.al\/index.php\/wp-json\/wp\/v2\/media\/106956"}],"wp:attachment":[{"href":"https:\/\/rdnews.al\/index.php\/wp-json\/wp\/v2\/media?parent=106955"}],"wp:term":[{"taxonomy":"category","embeddable":true,"href":"https:\/\/rdnews.al\/index.php\/wp-json\/wp\/v2\/categories?post=106955"},{"taxonomy":"post_tag","embeddable":true,"href":"https:\/\/rdnews.al\/index.php\/wp-json\/wp\/v2\/tags?post=106955"}],"curies":[{"name":"wp","href":"https:\/\/api.w.org\/{rel}","templated":true}]}}