{"id":106958,"date":"2025-03-11T09:20:42","date_gmt":"2025-03-11T09:20:42","guid":{"rendered":"https:\/\/rdnews.al\/?p=106958"},"modified":"2025-03-11T18:01:50","modified_gmt":"2025-03-11T18:01:50","slug":"veliaj-mberrin-ne-gjkko-pritet-vendimi","status":"publish","type":"post","link":"https:\/\/rdnews.al\/index.php\/2025\/03\/11\/veliaj-mberrin-ne-gjkko-pritet-vendimi\/","title":{"rendered":"Veliaj mb\u00ebrrin\u00a0n\u00eb GJKKO, pritet vendimi&#8230;"},"content":{"rendered":"<p>Erion Veliaj ka mb\u00ebrritur nga paraburgimi i Durr\u00ebsit n\u00eb ambientet e Gjykat\u00ebs s\u00eb Posa\u00e7me. N\u00eb or\u00ebn 10:00 do t\u00eb nis\u00eb n\u00eb Apelin e GJKKO-s\u00eb seanca p\u00ebr shqyrtimin e ankimimit t\u00eb b\u00ebr\u00eb nga Veliaj.<\/p>\n<p>Kryebashkiaku i arrestuar p\u00ebr korrupsion dhe pastrim parash ka k\u00ebrkuar zbutje t\u00eb mas\u00ebs s\u00eb siguris\u00eb.<\/p>\n<p>Gjyqtari i shortuar p\u00ebr shqyrtimin e \u00e7\u00ebshtjes \u00ebsht\u00eb Engert P\u00ebllumbi. Kujtojm\u00eb q\u00eb P\u00ebllumbi u shortua pas t\u00ebrheqjes s\u00eb gjyqtares Ilirjana Olldashi.<\/p>\n<p>Para disa jav\u00ebsh, opinioni publik n\u00eb vend, por edhe jasht\u00eb, u trondit nga pamjet q\u00eb tregonin band\u00ebn e Erion Veliajt teksa intimidonte dhe dhunonte gjyqtar\u00ebt dhe prokuror\u00ebt special\u00eb.<\/p>\n<p>Pas k\u00ebtij grushti shteti brenda shtetit, Edi Rama duket se reflektoi dhe i k\u00ebrkoi administrat\u00ebs s\u00eb Bashkis\u00eb s\u00eb Tiran\u00ebs n\u00eb nj\u00eb tubim elektoral, q\u00eb t\u00eb mos e p\u00ebrs\u00ebrisin k\u00ebt\u00eb gj\u00eb.<\/p>\n<p>Nd\u00ebrkoh\u00eb sot, Gjykata Speciale \u00ebsht\u00eb blinduar nga forcat e rendit.<\/p>\n<p>Pamjet tregojn\u00eb se gjykata \u00ebsht\u00eb mbushur me forca policore p\u00ebrpara mb\u00ebrritjes s\u00eb Erion Veliajt, i cili do m\u00ebsoj\u00eb fatin e mas\u00ebs s\u00eb tij t\u00eb siguris\u00eb n\u00eb apel.<\/p>\n<p>Kujtojm\u00eb se gjat\u00eb grushtit t\u00eb shtetit, garda kishte k\u00ebrkuar ndihm\u00ebn e policis\u00eb, por k\u00ebta nuk reaguan.<\/p>\n<p>Ky skandal u denoncua nga opozita dhe mediat.<\/p>\n","protected":false},"excerpt":{"rendered":"<p>Erion Veliaj ka mb\u00ebrritur nga paraburgimi i Durr\u00ebsit n\u00eb ambientet e Gjykat\u00ebs s\u00eb Posa\u00e7me. N\u00eb or\u00ebn 10:00 do t\u00eb nis\u00eb n\u00eb Apelin e GJKKO-s\u00eb seanca p\u00ebr shqyrtimin e ankimimit t\u00eb b\u00ebr\u00eb nga Veliaj. Kryebashkiaku i arrestuar p\u00ebr korrupsion dhe pastrim parash ka k\u00ebrkuar zbutje t\u00eb mas\u00ebs s\u00eb siguris\u00eb. Gjyqtari i shortuar p\u00ebr shqyrtimin e \u00e7\u00ebshtjes &hellip;<\/p>\n","protected":false},"author":4,"featured_media":105615,"comment_status":"closed","ping_status":"closed","sticky":false,"template":"","format":"standard","meta":{"footnotes":""},"categories":[37],"tags":[],"class_list":["post-106958","post","type-post","status-publish","format-standard","has-post-thumbnail","","category-politike"],"_links":{"self":[{"href":"https:\/\/rdnews.al\/index.php\/wp-json\/wp\/v2\/posts\/106958","targetHints":{"allow":["GET"]}}],"collection":[{"href":"https:\/\/rdnews.al\/index.php\/wp-json\/wp\/v2\/posts"}],"about":[{"href":"https:\/\/rdnews.al\/index.php\/wp-json\/wp\/v2\/types\/post"}],"author":[{"embeddable":true,"href":"https:\/\/rdnews.al\/index.php\/wp-json\/wp\/v2\/users\/4"}],"replies":[{"embeddable":true,"href":"https:\/\/rdnews.al\/index.php\/wp-json\/wp\/v2\/comments?post=106958"}],"version-history":[{"count":1,"href":"https:\/\/rdnews.al\/index.php\/wp-json\/wp\/v2\/posts\/106958\/revisions"}],"predecessor-version":[{"id":106960,"href":"https:\/\/rdnews.al\/index.php\/wp-json\/wp\/v2\/posts\/106958\/revisions\/106960"}],"wp:featuredmedia":[{"embeddable":true,"href":"https:\/\/rdnews.al\/index.php\/wp-json\/wp\/v2\/media\/105615"}],"wp:attachment":[{"href":"https:\/\/rdnews.al\/index.php\/wp-json\/wp\/v2\/media?parent=106958"}],"wp:term":[{"taxonomy":"category","embeddable":true,"href":"https:\/\/rdnews.al\/index.php\/wp-json\/wp\/v2\/categories?post=106958"},{"taxonomy":"post_tag","embeddable":true,"href":"https:\/\/rdnews.al\/index.php\/wp-json\/wp\/v2\/tags?post=106958"}],"curies":[{"name":"wp","href":"https:\/\/api.w.org\/{rel}","templated":true}]}}