{"id":106961,"date":"2025-03-11T09:32:49","date_gmt":"2025-03-11T09:32:49","guid":{"rendered":"https:\/\/rdnews.al\/?p=106961"},"modified":"2025-03-11T09:32:49","modified_gmt":"2025-03-11T09:32:49","slug":"gazetari-amerikan-qeveria-e-rames-dhe-parate-e-erreta-te-soros-ndikuan-ne-shpalljen-e-berishes-non-grata","status":"publish","type":"post","link":"https:\/\/rdnews.al\/index.php\/2025\/03\/11\/gazetari-amerikan-qeveria-e-rames-dhe-parate-e-erreta-te-soros-ndikuan-ne-shpalljen-e-berishes-non-grata\/","title":{"rendered":"Gazetari amerikan: Qeveria e Ram\u00ebs dhe parat\u00eb e err\u00ebta t\u00eb Soros ndikuan n\u00eb shpalljen e Berish\u00ebs Non-grata"},"content":{"rendered":"<p>Tyler O\u2019Neil, nj\u00eb shkrimtar e gazetar amerikan, gjat\u00eb nj\u00eb seance d\u00ebgjimore me Kongresin Amerikan p\u00ebr ndihmat e USAID, deklaroi q\u00eb nj\u00eb organizat\u00eb jo-qeveritare shqiptare kishte marr\u00eb para nga\u00a0USAID p\u00ebrmes fondacionit Soros, q\u00eb sanksionoi kryetarin e opozit\u00ebs shqiptare, Sali Berisha.<\/p>\n<p>O\u2019Neil n\u00eb intervist\u00ebn e tij dh\u00ebn\u00eb mbr\u00ebm\u00eb p\u00ebr emisionin \u00d6pinion&#8221; dha m\u00eb shum\u00eb detaje ku u shpreh se, Instituti i Menaxhimit Lindje \u2013 Per\u00ebndim nd\u00ebrmori nj\u00eb ser\u00eb reformash n\u00eb drejt\u00ebsi, p\u00ebr t\u00eb cilat kritik\u00ebt pretendojn\u00eb se mund\u00ebsuan p\u00ebrndjekjen e Sali Berish\u00ebs.<\/p>\n<p>O\u2019Neil thekson se ajo \u00e7ka \u00ebsht\u00eb \u00a0par\u00eb \u00ebsht\u00eb bashk\u00ebpunimi midis grupeve t\u00eb financuara nga Soros-i dhe USAID-it, qeveris\u00eb federale gjat\u00eb administrat\u00ebs s\u00eb Biden-it ku, sipas tij, k\u00ebto lidhje mund t\u00eb ken\u00eb pasur nj\u00eb rol n\u00eb k\u00ebt\u00eb l\u00ebvizje t\u00eb Blinken-it, lidhur me Berish\u00ebn.<\/p>\n<p><strong>Blendi Fevziu:<\/strong>\u00a0Gjat\u00eb d\u00ebgjes\u00ebs tuaj p\u00ebrpara n\u00ebnkomitetit ju b\u00ebt\u00eb disa denoncime lidhur me Institutin Lindje \u2013 Per\u00ebndim, USAID-in, Fondacionit Soros dhe reform\u00ebs gjyq\u00ebsore n\u00eb Shqip\u00ebri. Ishte nj\u00eb p\u00ebrzierje gj\u00ebrash t\u00eb ndryshme. Mund t\u00eb m\u00eb shpjegoni me m\u00eb shum\u00eb detaje iden\u00eb tuaj?<\/p>\n<p><strong>O\u2019Neil:<\/strong>\u00a0Po. Instituti i Menaxhimit Lindje \u2013 Per\u00ebndim mori fonde t\u00eb konsiderueshme nga USAID-i, pra Agjencia e Shteteve t\u00eb Bashkuara p\u00ebr Zhvillim Nd\u00ebrkomb\u00ebtar. Po ashtu mori shum\u00eb fonde nga Fondacioni Shoq\u00ebria e Hapur, rrjetin e madh t\u00eb themeluar nga George Soros t\u00eb cilin aktualisht e drejton djali i tij Alex Soros. Instituti i Menaxhimit Lindje \u2013 Per\u00ebndim nd\u00ebrmori nj\u00eb ser\u00eb reformash n\u00eb drejt\u00ebsi p\u00ebr t\u00eb cilat kritik\u00ebt pretendojn\u00eb se mund\u00ebsuan p\u00ebrndjekjen e Sali Berish\u00ebs, ish-Kryeministrin e Shqip\u00ebris\u00eb.<\/p>\n<p><strong>Blendi Fevziu:<\/strong>\u00a0Por zoti O\u2019 Neil, mendoj se reforma n\u00eb drejt\u00ebsi \u00ebsht\u00eb promovuar nga Ambasada Amerikane, Departamenti i Shtetit dhe partner\u00ebt Evropian. Kjo do t\u00eb thot\u00eb se \u00ebsht\u00eb di\u00e7ka e kryer nga komuniteti nd\u00ebrkomb\u00ebtar, bashk\u00ebrisht nga Shtetet e Bashkuara dhe Evropa p\u00ebr Shqip\u00ebrin\u00eb.<\/p>\n<p><strong>O\u2019Neil:<\/strong>\u00a0Po. N\u00eb t\u00ebr\u00ebsi nuk e di se sa t\u00eb k\u00ebqija jan\u00eb ndryshimet. Ajo \u00e7ka di \u00ebsht\u00eb se kritik\u00ebt thon\u00eb se kjo p\u00ebrfshirje i mund\u00ebsoi qeveris\u00eb s\u00eb Ram\u00ebs t\u2019i vihet pas Sali Berish\u00ebs i cili sigurisht q\u00eb \u00ebsht\u00eb nj\u00eb kritik i madh i p\u00ebrfshirjes s\u00eb George Soros-it n\u00eb Shqip\u00ebri.<\/p>\n<p><strong>Blendi Fevziu:<\/strong>\u00a0Sali Berisha \u00ebsht\u00eb shpallur si non-grata nga Sekretari i Shtetit, Anthony Blinken. Keni m\u00eb shum\u00eb informacione sepse kemi pyetur disa her\u00eb dhe ende nuk kemi marr informacion se pse \u00ebsht\u00eb shpallur si i atill\u00eb, pse konkretisht \u00ebsht\u00eb shpallur non-grata dhe jo sipas deklarat\u00ebs zyrtare t\u00eb Sekretarit t\u00eb Shtetit.<\/p>\n<p><strong>O\u2019Neil:\u00a0<\/strong>Kjo \u00ebsht\u00eb nj\u00eb l\u00ebvizje shum\u00eb shqet\u00ebsuese nga administrata e kaluar e Biden-it. Ajo \u00e7ka kemi par\u00eb \u00ebsht\u00eb bashk\u00ebpunim midis grupeve t\u00eb financuara nga Soros-i dhe USAID-it, qeveris\u00eb federale gjat\u00eb administrat\u00ebs s\u00eb Biden-it. Tematika e librit tim \u201cThe Woketapus \u2013 Grupimet e Parave t\u00eb Err\u00ebta q\u00eb Manipulojn\u00eb Qeverin\u00eb Federale\u201d \u00ebsht\u00eb q\u00eb shum\u00eb grupe aktivist\u00ebsh t\u00eb majt\u00eb, t\u00eb mb\u00ebshtetur nga Soros-i dhe rrjeti i tij i parave t\u00eb err\u00ebta, influencuan administrat\u00ebn e Biden-it, dhe k\u00ebto lidhje mund t\u00eb ken\u00eb pasur nj\u00eb rol n\u00eb k\u00ebt\u00eb l\u00ebvizje t\u00eb Blinken-it. Kjo \u00ebsht\u00eb nj\u00eb l\u00ebvizje shqet\u00ebsuese, p\u00ebr t\u00eb th\u00ebn\u00eb t\u00eb pakt\u00ebn, kur shikon qeverin\u00eb e Shteteve t\u00eb Bashkuara t\u00eb kund\u00ebrshtojn\u00eb Sali Berish\u00ebn n\u00eb k\u00ebt\u00eb m\u00ebnyr\u00eb.<\/p>\n<p><strong>Blendi Fevziu:\u00a0<\/strong>Mendoj se jemi t\u00eb fokusuar te Shqip\u00ebria, por \u00ebsht\u00eb kjo pjes\u00eb e nj\u00eb historie m\u00eb t\u00eb gjer\u00eb, pra, me sa kam d\u00ebgjuar p\u00ebrfshin edhe vendet e Amerik\u00ebs latine si edhe shtete t\u00eb tjera.<\/p>\n<p><strong>O\u2019Neil:<\/strong>\u00a0Po. T\u00eb dyja, qoft\u00eb USAID-i por edhe Fondacioni Shoq\u00ebria e Hapur kan\u00eb bashk\u00ebfinancuar projekte t\u00eb ndryshme p\u00ebrreth bot\u00ebs, shpesh duke advokuar p\u00ebr t\u00eb nj\u00ebjt\u00ebt kauza ideologjike q\u00eb promovoi Soros-i si dhe administrata e Biden-it. Presidenti Trump \u00ebsht\u00eb duke mbajtur nj\u00eb q\u00ebndrim t\u00eb fort kund\u00ebr k\u00ebsaj ideologjie korruptive. Ky ndryshim \u00ebsht\u00eb p\u00ebrsh\u00ebndetur n\u00eb Shtetet e Bashkuara pasi qytetar\u00ebt amerikan\u00eb votuan kund\u00ebr k\u00ebsaj ideologjie. Ka pyetje p\u00ebr t\u00eb cilat do t\u00eb doja t\u00eb merrja p\u00ebrgjigje dhe q\u00eb lidhen me p\u00ebrfshirjen e George Soros-it dhe Alex Soros-it me rastin e Shqip\u00ebris\u00eb dhe p\u00ebrndjekjen e Sali Berish\u00ebs si edhe m\u00ebnyr\u00ebn me an\u00eb t\u00eb s\u00eb cil\u00ebs \u00ebsht\u00eb p\u00ebrgjigjur dhe ka punuar qeveria e Ram\u00ebs me ish administrat\u00ebn e shtetit amerikan.<\/p>\n","protected":false},"excerpt":{"rendered":"<p>Tyler O\u2019Neil, nj\u00eb shkrimtar e gazetar amerikan, gjat\u00eb nj\u00eb seance d\u00ebgjimore me Kongresin Amerikan p\u00ebr ndihmat e USAID, deklaroi q\u00eb nj\u00eb organizat\u00eb jo-qeveritare shqiptare kishte marr\u00eb para nga\u00a0USAID p\u00ebrmes fondacionit Soros, q\u00eb sanksionoi kryetarin e opozit\u00ebs shqiptare, Sali Berisha. O\u2019Neil n\u00eb intervist\u00ebn e tij dh\u00ebn\u00eb mbr\u00ebm\u00eb p\u00ebr emisionin \u00d6pinion&#8221; dha m\u00eb shum\u00eb detaje ku u &hellip;<\/p>\n","protected":false},"author":4,"featured_media":106962,"comment_status":"closed","ping_status":"closed","sticky":false,"template":"","format":"standard","meta":{"footnotes":""},"categories":[37],"tags":[],"class_list":["post-106961","post","type-post","status-publish","format-standard","has-post-thumbnail","","category-politike"],"_links":{"self":[{"href":"https:\/\/rdnews.al\/index.php\/wp-json\/wp\/v2\/posts\/106961","targetHints":{"allow":["GET"]}}],"collection":[{"href":"https:\/\/rdnews.al\/index.php\/wp-json\/wp\/v2\/posts"}],"about":[{"href":"https:\/\/rdnews.al\/index.php\/wp-json\/wp\/v2\/types\/post"}],"author":[{"embeddable":true,"href":"https:\/\/rdnews.al\/index.php\/wp-json\/wp\/v2\/users\/4"}],"replies":[{"embeddable":true,"href":"https:\/\/rdnews.al\/index.php\/wp-json\/wp\/v2\/comments?post=106961"}],"version-history":[{"count":1,"href":"https:\/\/rdnews.al\/index.php\/wp-json\/wp\/v2\/posts\/106961\/revisions"}],"predecessor-version":[{"id":106963,"href":"https:\/\/rdnews.al\/index.php\/wp-json\/wp\/v2\/posts\/106961\/revisions\/106963"}],"wp:featuredmedia":[{"embeddable":true,"href":"https:\/\/rdnews.al\/index.php\/wp-json\/wp\/v2\/media\/106962"}],"wp:attachment":[{"href":"https:\/\/rdnews.al\/index.php\/wp-json\/wp\/v2\/media?parent=106961"}],"wp:term":[{"taxonomy":"category","embeddable":true,"href":"https:\/\/rdnews.al\/index.php\/wp-json\/wp\/v2\/categories?post=106961"},{"taxonomy":"post_tag","embeddable":true,"href":"https:\/\/rdnews.al\/index.php\/wp-json\/wp\/v2\/tags?post=106961"}],"curies":[{"name":"wp","href":"https:\/\/api.w.org\/{rel}","templated":true}]}}