{"id":106967,"date":"2025-03-11T09:54:36","date_gmt":"2025-03-11T09:54:36","guid":{"rendered":"https:\/\/rdnews.al\/?p=106967"},"modified":"2025-03-11T09:54:58","modified_gmt":"2025-03-11T09:54:58","slug":"mbyllja-tiktok-zbulohet-vendi-dhe-ora-e-protestes-se-opozites-me-15-mars","status":"publish","type":"post","link":"https:\/\/rdnews.al\/index.php\/2025\/03\/11\/mbyllja-tiktok-zbulohet-vendi-dhe-ora-e-protestes-se-opozites-me-15-mars\/","title":{"rendered":"Mbyllja e TikTok\/ Zbulohet vendi dhe ora e protest\u00ebs s\u00eb opozit\u00ebs m\u00eb 15 mars"},"content":{"rendered":"<p>Protesta e opozit\u00ebs, e thirrur m\u00eb 15 mars kund\u00ebr vendimit t\u00eb qeveris\u00eb p\u00ebr mbylljen e tij TikTok, do t\u00eb zhvillohet p\u00ebrpara kryeministris\u00eb.<\/p>\n<p>Tubimi m\u00ebsohet se do t\u00eb nis\u00eb para godin\u00ebs qeveritare n\u00eb or\u00ebn 19:00.<\/p>\n<p>Protesta u njoftua nga kreu i PD, Sali Berisha pas vendimit t\u00eb kryeminstrit Edi Rama p\u00ebr t\u00eb mbyllur platform\u00ebn n\u00eb Shqip\u00ebri p\u00ebr 1 vit.<\/p>\n<p>Partia Demokratike dhe lideri i saj, Sali Berisha, kan\u00eb deklaruar se mbyllja e TikTok \u00ebsht\u00eb n\u00eb kund\u00ebrshtim me lirit\u00eb dhe t\u00eb drejtat e njeriut.<\/p>\n<p>Sipas opozit\u00ebs, mbyllja e rrjetit social u b\u00eb pak p\u00ebrpara zgjedhjeve si nj\u00eb akt censure.<\/p>\n<p>\u201cAkti i bllokimit t\u00eb tij p\u00ebr faktin se me TikTok, t\u00eb rinjt\u00eb po e kritikonin dhe e p\u00ebrqeshnin Edi Ram\u00ebn \u00ebsht\u00eb nj\u00eb akt brutal, \u00ebsht\u00eb nj\u00eb intoleranc\u00eb e tij ndaj mendimit ndryshe\u201d,\u00a0deklaroi Berisha.<\/p>\n","protected":false},"excerpt":{"rendered":"<p>Protesta e opozit\u00ebs, e thirrur m\u00eb 15 mars kund\u00ebr vendimit t\u00eb qeveris\u00eb p\u00ebr mbylljen e tij TikTok, do t\u00eb zhvillohet p\u00ebrpara kryeministris\u00eb. Tubimi m\u00ebsohet se do t\u00eb nis\u00eb para godin\u00ebs qeveritare n\u00eb or\u00ebn 19:00. Protesta u njoftua nga kreu i PD, Sali Berisha pas vendimit t\u00eb kryeminstrit Edi Rama p\u00ebr t\u00eb mbyllur platform\u00ebn n\u00eb Shqip\u00ebri &hellip;<\/p>\n","protected":false},"author":4,"featured_media":37068,"comment_status":"closed","ping_status":"closed","sticky":false,"template":"","format":"standard","meta":{"footnotes":""},"categories":[37],"tags":[],"class_list":["post-106967","post","type-post","status-publish","format-standard","has-post-thumbnail","","category-politike"],"_links":{"self":[{"href":"https:\/\/rdnews.al\/index.php\/wp-json\/wp\/v2\/posts\/106967","targetHints":{"allow":["GET"]}}],"collection":[{"href":"https:\/\/rdnews.al\/index.php\/wp-json\/wp\/v2\/posts"}],"about":[{"href":"https:\/\/rdnews.al\/index.php\/wp-json\/wp\/v2\/types\/post"}],"author":[{"embeddable":true,"href":"https:\/\/rdnews.al\/index.php\/wp-json\/wp\/v2\/users\/4"}],"replies":[{"embeddable":true,"href":"https:\/\/rdnews.al\/index.php\/wp-json\/wp\/v2\/comments?post=106967"}],"version-history":[{"count":2,"href":"https:\/\/rdnews.al\/index.php\/wp-json\/wp\/v2\/posts\/106967\/revisions"}],"predecessor-version":[{"id":106969,"href":"https:\/\/rdnews.al\/index.php\/wp-json\/wp\/v2\/posts\/106967\/revisions\/106969"}],"wp:featuredmedia":[{"embeddable":true,"href":"https:\/\/rdnews.al\/index.php\/wp-json\/wp\/v2\/media\/37068"}],"wp:attachment":[{"href":"https:\/\/rdnews.al\/index.php\/wp-json\/wp\/v2\/media?parent=106967"}],"wp:term":[{"taxonomy":"category","embeddable":true,"href":"https:\/\/rdnews.al\/index.php\/wp-json\/wp\/v2\/categories?post=106967"},{"taxonomy":"post_tag","embeddable":true,"href":"https:\/\/rdnews.al\/index.php\/wp-json\/wp\/v2\/tags?post=106967"}],"curies":[{"name":"wp","href":"https:\/\/api.w.org\/{rel}","templated":true}]}}