{"id":106976,"date":"2025-03-11T11:00:36","date_gmt":"2025-03-11T11:00:36","guid":{"rendered":"https:\/\/rdnews.al\/?p=106976"},"modified":"2025-03-11T11:00:36","modified_gmt":"2025-03-11T11:00:36","slug":"paloka-rama-nuk-e-ka-problem-fare-mashtrimin-sy-me-sy","status":"publish","type":"post","link":"https:\/\/rdnews.al\/index.php\/2025\/03\/11\/paloka-rama-nuk-e-ka-problem-fare-mashtrimin-sy-me-sy\/","title":{"rendered":"Paloka: Rama nuk e ka problem fare mashtrimin sy m\u00eb sy!"},"content":{"rendered":"<div id=\"rekl-49\">Kreu i K\u00ebshillit Komb\u00ebtar t\u00eb PD, Edi Paloka ka reaguar me nj\u00eb sh\u00ebnim n\u00eb faqen e tij n\u00eb facebook pas deklaratave t\u00eb Ram\u00ebs q\u00eb udh\u00ebtonte n\u00eb \u2018economy class\u2019.<\/div>\n<div class=\"readmore-text-here\">\n<p>\u201cNuk e ka problem fare mashtrimin sy me sy\u201d, shkruan Paloka, duke kujtuar udh\u00ebtimet e tij me Air Albania t\u00eb cilin sipas deputetit, e ka kthyer n\u00eb nj\u00eb, charter personal.<\/p>\n<p><strong>Postimi<\/strong><\/p>\n<p>Rama n\u00eb \u2018economy class\u2019\u2026<\/p>\n<p>Nuk e ka problem fare mashtrimin sy me sy. E dijn\u00eb gjith\u00eb shqiptar\u00ebt q\u00eb \u201cIsmailin\u201d e Air Albanias e ka kthyer n\u00eb charter personal, po prap\u00eb g\u00ebnjen me qet\u00ebsi e sy me sy!<\/p>\n<p><iframe loading=\"lazy\" src=\"https:\/\/www.facebook.com\/plugins\/post.php?href=https%3A%2F%2Fwww.facebook.com%2Fpermalink.php%3Fstory_fbid%3Dpfbid0oBU3vbjMsT5TRww56j2ef8TQYHt5okx8CwwoSD5pEhhJXiyRp15XRu1RmekPJKTZl%26id%3D100008639860309&amp;show_text=true&amp;width=500\" width=\"500\" height=\"703\" frameborder=\"0\" scrolling=\"no\" allowfullscreen=\"allowfullscreen\" data-mce-fragment=\"1\"><\/iframe><\/p>\n<\/div>\n<div id=\"rekl-33\"><\/div>\n","protected":false},"excerpt":{"rendered":"<p>Kreu i K\u00ebshillit Komb\u00ebtar t\u00eb PD, Edi Paloka ka reaguar me nj\u00eb sh\u00ebnim n\u00eb faqen e tij n\u00eb facebook pas deklaratave t\u00eb Ram\u00ebs q\u00eb udh\u00ebtonte n\u00eb \u2018economy class\u2019. \u201cNuk e ka problem fare mashtrimin sy me sy\u201d, shkruan Paloka, duke kujtuar udh\u00ebtimet e tij me Air Albania t\u00eb cilin sipas deputetit, e ka kthyer n\u00eb &hellip;<\/p>\n","protected":false},"author":4,"featured_media":106542,"comment_status":"closed","ping_status":"closed","sticky":false,"template":"","format":"standard","meta":{"footnotes":""},"categories":[37],"tags":[],"class_list":["post-106976","post","type-post","status-publish","format-standard","has-post-thumbnail","","category-politike"],"_links":{"self":[{"href":"https:\/\/rdnews.al\/index.php\/wp-json\/wp\/v2\/posts\/106976","targetHints":{"allow":["GET"]}}],"collection":[{"href":"https:\/\/rdnews.al\/index.php\/wp-json\/wp\/v2\/posts"}],"about":[{"href":"https:\/\/rdnews.al\/index.php\/wp-json\/wp\/v2\/types\/post"}],"author":[{"embeddable":true,"href":"https:\/\/rdnews.al\/index.php\/wp-json\/wp\/v2\/users\/4"}],"replies":[{"embeddable":true,"href":"https:\/\/rdnews.al\/index.php\/wp-json\/wp\/v2\/comments?post=106976"}],"version-history":[{"count":1,"href":"https:\/\/rdnews.al\/index.php\/wp-json\/wp\/v2\/posts\/106976\/revisions"}],"predecessor-version":[{"id":106977,"href":"https:\/\/rdnews.al\/index.php\/wp-json\/wp\/v2\/posts\/106976\/revisions\/106977"}],"wp:featuredmedia":[{"embeddable":true,"href":"https:\/\/rdnews.al\/index.php\/wp-json\/wp\/v2\/media\/106542"}],"wp:attachment":[{"href":"https:\/\/rdnews.al\/index.php\/wp-json\/wp\/v2\/media?parent=106976"}],"wp:term":[{"taxonomy":"category","embeddable":true,"href":"https:\/\/rdnews.al\/index.php\/wp-json\/wp\/v2\/categories?post=106976"},{"taxonomy":"post_tag","embeddable":true,"href":"https:\/\/rdnews.al\/index.php\/wp-json\/wp\/v2\/tags?post=106976"}],"curies":[{"name":"wp","href":"https:\/\/api.w.org\/{rel}","templated":true}]}}