{"id":106979,"date":"2025-03-11T11:45:09","date_gmt":"2025-03-11T11:45:09","guid":{"rendered":"https:\/\/rdnews.al\/?p=106979"},"modified":"2025-03-11T11:45:09","modified_gmt":"2025-03-11T11:45:09","slug":"buburrecit-te-kryeministrise-i-ka-ikur-memoria","status":"publish","type":"post","link":"https:\/\/rdnews.al\/index.php\/2025\/03\/11\/buburrecit-te-kryeministrise-i-ka-ikur-memoria\/","title":{"rendered":"Buburrecit t\u00eb kryeministris\u00eb i ka ikur memoria"},"content":{"rendered":"<p><strong>Nga<\/strong>\u00a0<strong>Genc BURIMI<\/strong><\/p>\n<p>Ndryshe nga Feniksi i Opozit\u00ebs, m\u00eb aktiv se kurr\u00eb me gazetar\u00ebt, Buburreci i Kryeministris\u00eb vazhdon t\u2019u b\u00ebj\u00eb bisht mediave. Ky preferon t\u00eb flas\u00eb n\u00eb t\u00eb shumt\u00ebn e rasteve i strukur skutave t\u00eb kryeministris\u00eb, n\u00eb t\u00eb p\u00ebrditshmen e m\u00ebrzitshme Sy me Sy me ekranin e kompjuterit. I ndodh k\u00ebtij insekti t\u00eb b\u00ebj\u00eb trimin dhe t\u00eb dal\u00eb n\u00eb publik, por vet\u00ebm i rrethuar nga t\u00eb tijt\u00eb, n\u00eb imazhin e nj\u00eb buburreci q\u00eb gafurret para pleshtave. Dhe sigurisht nuk jan\u00eb k\u00ebta t\u00eb fundit q\u00eb do ta kund\u00ebrshtojn\u00eb bajlozin e insekteve. Po t\u00eb kishte dal\u00eb para gazetar\u00ebve dhe t\u2019u nxirrte perlat q\u00eb nxori nga goja sot, me siguri q\u00eb kryeministri do ta kishte zbavitur shum\u00eb audienc\u00ebn. Por dhe mediat s\u2019do t\u00eb kishin munguar s\u00eb rifreskuari memorien shefit t\u00eb PS-s\u00eb.<\/p>\n<p>\u201cNuk ka kapacitete t\u00eb tjera p\u00ebrve\u00e7 PS-s\u00eb q\u00eb mund t\u00eb flasin me BE-n\u00eb, NATO-n dhe bot\u00ebn. Nuk ka\u201d, tha kryeministri i vendosur dhe krenar p\u00ebr PS-n\u00eb se \u201cpozicioni yn\u00eb i sigurt, stab\u00ebl dhe i pal\u00ebkundur nga kua kua kuat\u00eb q\u00eb nuk mund t\u00eb jehojn\u00eb jasht\u00eb perimetrit t\u00eb k\u00ebnet\u00ebs, \u00ebsht\u00eb themelor\u201d. Por me sa duket k\u00ebnet\u00ebn me uj\u00eb t\u00eb ndenjur e paska vet\u00eb n\u00eb kok\u00eb dhe nj\u00eb rigjenerim i memories s\u2019do t\u00eb ishte luks. PS-ja fliska pra me BE-n\u00eb, por PD\u2013ja s\u2019e paska nj\u00eb kapacitet t\u00eb till\u00eb n\u00ebse kjo rivjen nes\u00ebr n\u00eb pushtet, pretendon kryeministri. Por kush e firmosi Marr\u00ebveshjen e Stabilizimit midis Shqip\u00ebris\u00eb dhe BE-se si hallka e par\u00eb dhe vendimtare e procesit t\u00eb gjat\u00eb dhe t\u00eb pakthyesh\u00ebm t\u00eb integrimit t\u00eb Shqip\u00ebris\u00eb n\u00eb BE? Ishte Partia Demokratike e Shqip\u00ebris\u00eb q\u00eb e firmosi me 2009 duke hapur siparin e rrug\u00ebs europiane t\u00eb Shqip\u00ebris\u00eb.<\/p>\n<p>Pse ai, kryeministri i djesh\u00ebm Berisha, q\u00eb hapi rrug\u00ebn europiane t\u00eb Shqip\u00ebris\u00eb, nuk do ta kishte m\u00eb kapacitetin ta vazhdonte dhe ta mbyllte po me aq sukses sa \u00e7\u2019e filloi?\u00a0 Vet\u00ebm Edi Rama mund t\u00eb ngrej\u00eb hipoteza kaq qesharake. Po \u00ebndrr\u00ebn e madhe t\u00eb shqiptar\u00ebve p\u00ebr t\u00eb udh\u00ebtuar pa viza n\u00eb Europ\u00eb, \u00ebnd\u00ebrr q\u00eb e vrau p\u00ebr m\u00eb shum\u00eb se nj\u00eb gjysm\u00eb shekulli Partia e Pun\u00ebs, m\u00ebma e PS-s\u00eb aktuale, kush e realizoi? Ishte s\u00ebrish Partia Demokratike dhe ish-kryeministri Berisha q\u00eb e negociuan dhe konkluduan me Komisionin Evropian heqjen e vizave m\u00eb 2011.<\/p>\n<p>Dy vjet m\u00eb von\u00eb, m\u00eb 2013, PD-ja kishte arritur bile dhe marrjen e statusit t\u00eb vendit kandidat p\u00ebr BE, por at\u00eb marr\u00ebveshje e bllokoi pik\u00ebrisht ai Edi Rama, asaj kohe shef i opozit\u00ebs socialiste, q\u00eb vuri veton n\u00eb Kuvend kund\u00ebr tre ligjeve q\u00eb e b\u00ebnin t\u00eb mundur marrjen e atij statusi t\u00eb vendit kandidat. Kur b\u00ebn k\u00ebt\u00eb retrospektiv\u00eb t\u00eb shpejt\u00eb historike, si guxon Buburreci i Kryeministris\u00eb t\u00eb thashethemnoj\u00eb PD-n\u00eb duke e cil\u00ebsuar si t\u00eb paaft\u00eb p\u00ebr t\u00eb negociuar me BE-n\u00eb? Kur nj\u00eb \u2018fake news\u2019 i till\u00eb vjen nga ai, i cili nuk ka deri me sot asnj\u00eb arritje historike me BE-n\u00eb si\u00e7 qe heqja e vizave nga PD-ja, heziton t\u00eb qash apo t\u00eb qesh\u00ebsh.<\/p>\n<p>Vijm\u00eb tek dosja e NATO-s, ku dhe aty, buburreci me nj\u00eb delir amnezie i mohon po ashtu PD-s\u00eb kapacitetet t\u00eb kooperoje me aleanc\u00ebn atlantike. Edhe bebja q\u00eb lind n\u00eb maternitet, nj\u00eb or\u00eb mbrapa e di q\u00eb ishte PD-ja q\u00eb arriti suksesin m\u00eb t\u00eb madh t\u00eb gjith\u00eb historis\u00eb s\u00eb shqiptar\u00ebve nd\u00ebr shekuj duke e an\u00ebtar\u00ebsuar Shqip\u00ebrin\u00eb n\u00eb NATO. Si mundet ta kaloj\u00eb n\u00eb heshtje nj\u00eb arritje t\u00eb tille t\u00eb PD-s\u00eb Edi Rama. Ai ndodhet v\u00ebrtet n\u00eb nj\u00eb stad ku duhet t\u00eb marr\u00eb takim p\u00ebr nj\u00eb konsulte\u2026 Dhe kur \u00ebe konsultohet, le t\u00eb rip\u00ebrs\u00ebris\u00eb dhe k\u00ebt\u00eb p\u00ebrsiatje t\u00eb fundit q\u00eb ia d\u00ebgjuam sot:<\/p>\n<p>\u201cNe jemi garancia p\u00ebr n\u00eb BE, t\u00eb tjer\u00ebt e kan\u00eb th\u00ebn\u00eb se do kthejn\u00eb mbrapsht reform\u00ebn, do neutralizojn\u00eb SPAK-un, do zhb\u00ebjn\u00eb Reform\u00ebn n\u00eb Drejt\u00ebsi. Kjo mund t\u00eb b\u00ebhet vet\u00ebm nga forca q\u00eb hallet me drejt\u00ebsin\u00eb i kan\u00eb t\u00eb m\u00ebdha n\u00eb lidhje me interesin publik. K\u00ebto forca jan\u00eb t\u00eb shpallura, i njeh gjith\u00eb Shqip\u00ebria dhe gjith\u00eb bota\u201d.<\/p>\n<p>Gj\u00ebja e dyte q\u00eb m\u00ebson dhe foshnja nj\u00eb ore pasi lind n\u00eb maternitet, \u00ebsht\u00eb se \u201cforca q\u00eb hallet me drejt\u00ebsin\u00eb i ka t\u00eb m\u00ebdha n\u00eb lidhje me interesin publik dhe q\u00eb k\u00ebt\u00eb e di gjith\u00eb Shqip\u00ebria dhe gjith\u00eb bota\u201d, ka vet\u00ebm nj\u00eb em\u00ebr: Partia Socialiste. Fal\u00eb numrit t\u00eb lart\u00eb n\u00eb burg, n\u00eb paraburgim apo n\u00ebn hetim t\u00eb ministrave, deputet\u00ebve, kryebashkiak\u00ebve dhe personeleve t\u00eb tyre, foshnja mund t\u00eb filloj\u00eb t\u00eb m\u00ebsoj\u00eb t\u00eb num\u00ebroj\u00eb q\u00eb n\u00eb maternitet me gishtat e dor\u00ebs, t\u00eb pakt\u00ebn deri n\u00eb dhjet\u00eb. \u00cbsht\u00eb PS-ja sot qe ka tagrin dhe reputacionin si partia me e korruptuar e Shqip\u00ebris\u00eb. P\u00ebr t\u00eb tjerat, zoti Rama meriton not\u00ebn 4, sidomos kur citon qasjen q\u00eb premton Berisha me SPAK, dhe ku aty kryeministri memorizon vet\u00ebm fjal\u00ebn shkrirje, duke anashkaluar fjalin\u00eb e plot\u00eb se reforma e SPAK-ut do t\u2019i lihet kat\u00ebrcip\u00ebrisht n\u00eb dor\u00eb Komisionit t\u00eb Venecias.<\/p>\n<p>P\u00ebr t\u00eb perifrazuar vet\u00eb Edi Ram\u00ebn: t\u00eb g\u00ebnjesh \u00ebsht\u00eb gabim, t\u00eb insistosh n\u00eb k\u00ebto lloj mashtrimesh \u00ebsht\u00eb krim.<\/p>\n","protected":false},"excerpt":{"rendered":"<p>Nga\u00a0Genc BURIMI Ndryshe nga Feniksi i Opozit\u00ebs, m\u00eb aktiv se kurr\u00eb me gazetar\u00ebt, Buburreci i Kryeministris\u00eb vazhdon t\u2019u b\u00ebj\u00eb bisht mediave. Ky preferon t\u00eb flas\u00eb n\u00eb t\u00eb shumt\u00ebn e rasteve i strukur skutave t\u00eb kryeministris\u00eb, n\u00eb t\u00eb p\u00ebrditshmen e m\u00ebrzitshme Sy me Sy me ekranin e kompjuterit. I ndodh k\u00ebtij insekti t\u00eb b\u00ebj\u00eb trimin dhe &hellip;<\/p>\n","protected":false},"author":4,"featured_media":93872,"comment_status":"closed","ping_status":"closed","sticky":false,"template":"","format":"standard","meta":{"footnotes":""},"categories":[44],"tags":[],"class_list":["post-106979","post","type-post","status-publish","format-standard","has-post-thumbnail","","category-editorial"],"_links":{"self":[{"href":"https:\/\/rdnews.al\/index.php\/wp-json\/wp\/v2\/posts\/106979","targetHints":{"allow":["GET"]}}],"collection":[{"href":"https:\/\/rdnews.al\/index.php\/wp-json\/wp\/v2\/posts"}],"about":[{"href":"https:\/\/rdnews.al\/index.php\/wp-json\/wp\/v2\/types\/post"}],"author":[{"embeddable":true,"href":"https:\/\/rdnews.al\/index.php\/wp-json\/wp\/v2\/users\/4"}],"replies":[{"embeddable":true,"href":"https:\/\/rdnews.al\/index.php\/wp-json\/wp\/v2\/comments?post=106979"}],"version-history":[{"count":1,"href":"https:\/\/rdnews.al\/index.php\/wp-json\/wp\/v2\/posts\/106979\/revisions"}],"predecessor-version":[{"id":106980,"href":"https:\/\/rdnews.al\/index.php\/wp-json\/wp\/v2\/posts\/106979\/revisions\/106980"}],"wp:featuredmedia":[{"embeddable":true,"href":"https:\/\/rdnews.al\/index.php\/wp-json\/wp\/v2\/media\/93872"}],"wp:attachment":[{"href":"https:\/\/rdnews.al\/index.php\/wp-json\/wp\/v2\/media?parent=106979"}],"wp:term":[{"taxonomy":"category","embeddable":true,"href":"https:\/\/rdnews.al\/index.php\/wp-json\/wp\/v2\/categories?post=106979"},{"taxonomy":"post_tag","embeddable":true,"href":"https:\/\/rdnews.al\/index.php\/wp-json\/wp\/v2\/tags?post=106979"}],"curies":[{"name":"wp","href":"https:\/\/api.w.org\/{rel}","templated":true}]}}