{"id":106981,"date":"2025-03-11T12:19:12","date_gmt":"2025-03-11T12:19:12","guid":{"rendered":"https:\/\/rdnews.al\/?p=106981"},"modified":"2025-03-11T12:19:12","modified_gmt":"2025-03-11T12:19:12","slug":"igli-cara-pergenjeshtron-mediat-e-rames-nuk-jam-terhequr","status":"publish","type":"post","link":"https:\/\/rdnews.al\/index.php\/2025\/03\/11\/igli-cara-pergenjeshtron-mediat-e-rames-nuk-jam-terhequr\/","title":{"rendered":"Igli Cara p\u00ebrg\u00ebnjeshtron mediat e Ram\u00ebs: Nuk jam t\u00ebrhequr&#8230;"},"content":{"rendered":"<p>Igli Cara, ish-deputeti i Partis\u00eb Demokratike dhe nj\u00eb nga m\u00eb t\u00eb votuarit n\u00eb primaret e PD p\u00ebr kandidat\u00ebt e ardhsh\u00ebm p\u00ebr deputet\u00eb n\u00eb zgjedhjet e 11 majit, ka reaguar pas disa njoftimeve n\u00eb mediat e Edi Ram\u00ebs se do t\u00eb t\u00ebrhiqej nga gara p\u00ebr shkak pak\u00ebnaq\u00ebsish n\u00eb list\u00ebn e Durr\u00ebsit.<\/p>\n<p>I kontaktuar nga SYRI, Igli Cara i mohon kategorikisht k\u00ebto lajme duke i quajtur shpifje dhe mashtrime.<\/p>\n<p>Gara e primareve ishte nj\u00eb nga garat me t\u00eb hapura dhe m\u00eb demokratike q\u00eb nj\u00eb forc\u00eb politike ka zhvilluar n\u00eb vendin ton\u00eb.<\/p>\n","protected":false},"excerpt":{"rendered":"<p>Igli Cara, ish-deputeti i Partis\u00eb Demokratike dhe nj\u00eb nga m\u00eb t\u00eb votuarit n\u00eb primaret e PD p\u00ebr kandidat\u00ebt e ardhsh\u00ebm p\u00ebr deputet\u00eb n\u00eb zgjedhjet e 11 majit, ka reaguar pas disa njoftimeve n\u00eb mediat e Edi Ram\u00ebs se do t\u00eb t\u00ebrhiqej nga gara p\u00ebr shkak pak\u00ebnaq\u00ebsish n\u00eb list\u00ebn e Durr\u00ebsit. I kontaktuar nga SYRI, Igli &hellip;<\/p>\n","protected":false},"author":4,"featured_media":41139,"comment_status":"closed","ping_status":"closed","sticky":false,"template":"","format":"standard","meta":{"footnotes":""},"categories":[37],"tags":[],"class_list":["post-106981","post","type-post","status-publish","format-standard","has-post-thumbnail","","category-politike"],"_links":{"self":[{"href":"https:\/\/rdnews.al\/index.php\/wp-json\/wp\/v2\/posts\/106981","targetHints":{"allow":["GET"]}}],"collection":[{"href":"https:\/\/rdnews.al\/index.php\/wp-json\/wp\/v2\/posts"}],"about":[{"href":"https:\/\/rdnews.al\/index.php\/wp-json\/wp\/v2\/types\/post"}],"author":[{"embeddable":true,"href":"https:\/\/rdnews.al\/index.php\/wp-json\/wp\/v2\/users\/4"}],"replies":[{"embeddable":true,"href":"https:\/\/rdnews.al\/index.php\/wp-json\/wp\/v2\/comments?post=106981"}],"version-history":[{"count":1,"href":"https:\/\/rdnews.al\/index.php\/wp-json\/wp\/v2\/posts\/106981\/revisions"}],"predecessor-version":[{"id":106982,"href":"https:\/\/rdnews.al\/index.php\/wp-json\/wp\/v2\/posts\/106981\/revisions\/106982"}],"wp:featuredmedia":[{"embeddable":true,"href":"https:\/\/rdnews.al\/index.php\/wp-json\/wp\/v2\/media\/41139"}],"wp:attachment":[{"href":"https:\/\/rdnews.al\/index.php\/wp-json\/wp\/v2\/media?parent=106981"}],"wp:term":[{"taxonomy":"category","embeddable":true,"href":"https:\/\/rdnews.al\/index.php\/wp-json\/wp\/v2\/categories?post=106981"},{"taxonomy":"post_tag","embeddable":true,"href":"https:\/\/rdnews.al\/index.php\/wp-json\/wp\/v2\/tags?post=106981"}],"curies":[{"name":"wp","href":"https:\/\/api.w.org\/{rel}","templated":true}]}}