{"id":107365,"date":"2025-03-15T11:38:04","date_gmt":"2025-03-15T11:38:04","guid":{"rendered":"https:\/\/rdnews.al\/?p=107365"},"modified":"2025-03-15T11:38:04","modified_gmt":"2025-03-15T11:38:04","slug":"protesta-te-medha-studentore-ne-beograd-vucic-ne-panik-do-te-ndodhe-lufte-civile","status":"publish","type":"post","link":"https:\/\/rdnews.al\/index.php\/2025\/03\/15\/protesta-te-medha-studentore-ne-beograd-vucic-ne-panik-do-te-ndodhe-lufte-civile\/","title":{"rendered":"Protesta t\u00eb m\u00ebdha studentore n\u00eb Beograd, Vu\u00e7i\u00e7 n\u00eb panik: Do t\u00eb ndodh\u00eb luft\u00eb civile!"},"content":{"rendered":"<p>Protesta t\u00eb m\u00ebdha studentore n\u00eb Beograd, Vu\u00e7i\u00e7 paralajm\u00ebron p\u00ebr p\u00ebrplasje.\u00a0Protesta masive t\u00eb student\u00ebve do t\u00eb mbahen sot n\u00eb Beograd, nd\u00ebrsa presidenti i Serbis\u00eb, Aleksandar Vu\u00e7i\u00e7, pretendon se q\u00ebllimi i tyre \u00ebsht\u00eb t\u00eb nxisin luft\u00eb civile dhe t\u00eb marrin pushtetin me dhun\u00eb.<\/p>\n<p>Student\u00ebt, t\u00eb cil\u00ebt jan\u00eb duke protestuar q\u00eb nga fundi i vitit t\u00eb kaluar, nis\u00ebn protestat pas rr\u00ebzimit t\u00eb nj\u00eb strehimore t\u00eb Stacionit Hekurudhor n\u00eb Novi Sad, ku humb\u00ebn jet\u00ebn 15 persona. Q\u00eb at\u00ebher\u00eb, ata jan\u00eb mbledhur n\u00eb num\u00ebr t\u00eb madh n\u00eb qytete t\u00eb ndryshme t\u00eb Serbis\u00eb, ve\u00e7an\u00ebrisht n\u00eb Beograd, Novi Sad dhe Kragujevc.<\/p>\n<p>P\u00ebr sot jan\u00eb paralajm\u00ebruar protestat m\u00eb t\u00eb m\u00ebdha deri m\u00eb tani n\u00eb Beograd, ku pritet t\u00eb marrin pjes\u00eb student\u00eb nga e gjith\u00eb Serbia. Kolonat e student\u00ebve nga Serbia per\u00ebndimore, qendrore dhe jugore jan\u00eb nisur drejt kryeqytetit n\u00eb k\u00ebmb\u00eb dhe me bi\u00e7ikleta. Ata u prit\u00ebn mbr\u00ebm\u00eb n\u00eb Terazije, n\u00eb qend\u00ebr t\u00eb Beogradit, nd\u00ebrsa gjat\u00eb rrug\u00ebs mor\u00ebn mb\u00ebshtetje nga qytetar\u00ebt e zonave q\u00eb kaluan. T\u00eb gjith\u00eb do t\u00eb mblidhen sot n\u00eb mesdit\u00eb n\u00eb pika t\u00eb ndryshme t\u00eb Beogradit dhe n\u00eb or\u00ebn 16:00 do t\u00eb marshojn\u00eb drejt Kuvendit t\u00eb Serbis\u00eb.<\/p>\n<p>Student\u00ebt beogradas, q\u00eb do t\u00eb jen\u00eb mikprit\u00ebsit e protest\u00ebs, kan\u00eb ofruar strehim falas p\u00ebr koleg\u00ebt e tyre nga qytetet e tjera. P\u00ebr dit\u00eb t\u00eb t\u00ebra, ata kan\u00eb ndar\u00eb oferta p\u00ebr sht\u00ebpi, dhoma dhe apartamente n\u00eb rrjetet sociale. Nga ana tjet\u00ebr, qytetar\u00eb t\u00eb ndrysh\u00ebm jan\u00eb angazhuar p\u00ebr t\u00eb ndihmuar me gatimin dhe shp\u00ebrndarjen e ushqimit.<\/p>\n<p>Nd\u00ebrkoh\u00eb, p\u00ebrpara Presidenc\u00ebs s\u00eb Serbis\u00eb n\u00eb parkun Pionir jan\u00eb mbledhur \u201cstudent\u00ebt q\u00eb duan t\u00eb m\u00ebsojn\u00eb\u201d. Ata kan\u00eb paraqitur pes\u00eb k\u00ebrkesa, duke p\u00ebrfshir\u00eb afate p\u00ebr rikthimin n\u00eb auditor\u00ebt universitar\u00eb. Ata disa her\u00eb kan\u00eb akuzuar \u201cstudent\u00ebt n\u00eb bllokad\u00eb\u201d p\u00ebr sulme fizike dhe fyerje. N\u00eb an\u00ebn e tyre \u00ebsht\u00eb edhe presidenti Vu\u00e7iq, i cili ka deklaruar se k\u00ebta student\u00eb po p\u00ebrballen me dhun\u00eb fizike dhe verbale, por nuk po p\u00ebrgjigjen.<\/p>\n<p>\u201cAta jan\u00eb fajtor\u00eb vet\u00ebm sepse duan t\u00eb m\u00ebsojn\u00eb\u201d, ka th\u00ebn\u00eb disa her\u00eb Vu\u00e7iq, shkruan\u00a0<a href=\"https:\/\/nova.rs\/vesti\/drustvo\/uzivo-veliki-studentski-protest-u-beogradu\/\" target=\"_blank\" rel=\"noopener\"><strong>nova.rs.<\/strong><\/a><\/p>\n<div class=\"twitter-tweet twitter-tweet-rendered\"><iframe id=\"twitter-widget-0\" class=\"\" title=\"X Post\" src=\"https:\/\/platform.twitter.com\/embed\/Tweet.html?creatorScreenName=Telegrafisti&amp;dnt=false&amp;embedId=twitter-widget-0&amp;features=eyJ0ZndfdGltZWxpbmVfbGlzdCI6eyJidWNrZXQiOltdLCJ2ZXJzaW9uIjpudWxsfSwidGZ3X2ZvbGxvd2VyX2NvdW50X3N1bnNldCI6eyJidWNrZXQiOnRydWUsInZlcnNpb24iOm51bGx9LCJ0ZndfdHdlZXRfZWRpdF9iYWNrZW5kIjp7ImJ1Y2tldCI6Im9uIiwidmVyc2lvbiI6bnVsbH0sInRmd19yZWZzcmNfc2Vzc2lvbiI6eyJidWNrZXQiOiJvbiIsInZlcnNpb24iOm51bGx9LCJ0ZndfZm9zbnJfc29mdF9pbnRlcnZlbnRpb25zX2VuYWJsZWQiOnsiYnVja2V0Ijoib24iLCJ2ZXJzaW9uIjpudWxsfSwidGZ3X21peGVkX21lZGlhXzE1ODk3Ijp7ImJ1Y2tldCI6InRyZWF0bWVudCIsInZlcnNpb24iOm51bGx9LCJ0ZndfZXhwZXJpbWVudHNfY29va2llX2V4cGlyYXRpb24iOnsiYnVja2V0IjoxMjA5NjAwLCJ2ZXJzaW9uIjpudWxsfSwidGZ3X3Nob3dfYmlyZHdhdGNoX3Bpdm90c19lbmFibGVkIjp7ImJ1Y2tldCI6Im9uIiwidmVyc2lvbiI6bnVsbH0sInRmd19kdXBsaWNhdGVfc2NyaWJlc190b19zZXR0aW5ncyI6eyJidWNrZXQiOiJvbiIsInZlcnNpb24iOm51bGx9LCJ0ZndfdXNlX3Byb2ZpbGVfaW1hZ2Vfc2hhcGVfZW5hYmxlZCI6eyJidWNrZXQiOiJvbiIsInZlcnNpb24iOm51bGx9LCJ0ZndfdmlkZW9faGxzX2R5bmFtaWNfbWFuaWZlc3RzXzE1MDgyIjp7ImJ1Y2tldCI6InRydWVfYml0cmF0ZSIsInZlcnNpb24iOm51bGx9LCJ0ZndfbGVnYWN5X3RpbWVsaW5lX3N1bnNldCI6eyJidWNrZXQiOnRydWUsInZlcnNpb24iOm51bGx9LCJ0ZndfdHdlZXRfZWRpdF9mcm9udGVuZCI6eyJidWNrZXQiOiJvbiIsInZlcnNpb24iOm51bGx9fQ%3D%3D&amp;frame=false&amp;hideCard=false&amp;hideThread=false&amp;id=1900636251331719353&amp;lang=en&amp;origin=https%3A%2F%2Ftelegrafi.com%2Fcfare-duhet-te-dini-per-protestat-e-medha-te-sotme-ne-beograd-dhe-pse-vuciq-pretendon-se-te-ndodhe-lufte-civile%2F&amp;sessionId=ff8da5d474f91fd42018755d46a459b57226509e&amp;siteScreenName=Telegrafisti&amp;theme=light&amp;widgetsVersion=2615f7e52b7e0%3A1702314776716&amp;width=550px\" frameborder=\"0\" scrolling=\"no\" allowfullscreen=\"allowfullscreen\" data-tweet-id=\"1900636251331719353\" data-mce-fragment=\"1\"><\/iframe><\/div>\n<p>T\u00eb enjten n\u00eb mbr\u00ebmje, ai i ka pritur ata n\u00eb Presidenc\u00eb dhe i ka lutur t\u00eb kthehen n\u00eb sht\u00ebpi p\u00ebrpara protestave t\u00eb sotme p\u00ebr t\u00eb shmangur sulmet ndaj tyre. Megjithat\u00eb, ata kan\u00eb deklaruar se do t\u00eb q\u00ebndrojn\u00eb n\u00eb parkun Pionir.<\/p>\n<p>Vu\u00e7iq pretendon se protestuesit e sot\u00ebm do t\u00eb p\u00ebrpiqen t\u00eb nxisin luft\u00eb civile dhe t\u00eb marrin pushtetin me dhun\u00eb. Madje ka deklaruar se do t\u00eb jet\u00eb n\u00eb Presidenc\u00eb gjat\u00eb protestave dhe se \u201cn\u00ebse duan t\u00eb marrin pushtetin me forc\u00eb, do t\u00eb duhet ta vrasin at\u00eb\u201d.<\/p>\n<p>Se po p\u00ebrgatitet luft\u00eb civile, ka paralajm\u00ebruar edhe kryetarja e Kuvendit, Ana Brnabiq, e cila \u00ebsht\u00eb referuar n\u00eb disa video ku, sipas saj, shihen p\u00ebrfaq\u00ebsues t\u00eb partive politike, organizatave joqeveritare dhe \u201cata q\u00eb fshihen pas plenumeve studentore\u201d. Ajo ka pohuar se k\u00ebta persona kan\u00eb p\u00ebrgatitur p\u00ebr dit\u00eb t\u00eb t\u00ebra nj\u00eb \u201cgrusht shteti, dhun\u00eb dhe vrasjen e Aleksandar Vu\u00e7iqit\u201d. Brnabiq ka b\u00ebr\u00eb thirrje q\u00eb organet kompetente t\u00eb reagojn\u00eb urgjentisht.<\/p>\n<p>Vu\u00e7iq, nga ana e tij, ka deklaruar t\u00eb enjten se pjes\u00ebmarr\u00ebsit n\u00eb protestat studentore jan\u00eb t\u00eb paguar, transmeton Telegrafi.<\/p>\n<p>\u201cUn\u00eb e di si paguhet ardhja n\u00eb Beograd p\u00ebr mitingje, e di \u00e7far\u00eb paguani, e di si mblidhen k\u00ebto para dhe si p\u00ebrvet\u00ebsohen. \u00c7do aktivitet i organizuar n\u00eb k\u00ebto qendra rajonale \u00ebsht\u00eb i financuar \u2013 transporti, ushqimi. T\u00eb gjitha paguhen. Un\u00eb ju pyes: kush i financon k\u00ebto? A mendoni v\u00ebrtet se sh\u00ebrbimet tona nuk funksionojn\u00eb dhe nuk dim\u00eb sa paguhet, ve\u00e7an\u00ebrisht kur ata vet\u00eb e ekzagjerojn\u00eb shum\u00ebn?\u201d, ka th\u00ebn\u00eb Vu\u00e7iq.<\/p>\n<p>Duke qen\u00eb se ai ka deklaruar se opozita do t\u00eb organizoj\u00eb dhun\u00eb gjat\u00eb protestave n\u00eb Beograd, ata i jan\u00eb p\u00ebrgjigjur duke th\u00ebn\u00eb se p\u00ebr \u00e7do akt dhune p\u00ebrgjegj\u00ebs do t\u00eb jet\u00eb ekskluzivisht ai.<\/p>\n<div class=\"related-to-article\">\n<div class=\"related-article-i\"><a href=\"https:\/\/telegrafi.com\/vuciq-jam-gati-te-bie-nga-pushtetivuciq-pasi-i-fali-studentet-ky-ishte-gabimi-me-i-madh-ne-jeten-time\/\" target=\"_blank\" rel=\"noopener\"><img decoding=\"async\" src=\"https:\/\/telegrafi.com\/wp-content\/uploads\/2025\/03\/1656151115-VEC_9573-01-750x500-2-380x233.jpeg\" alt=\"Vu\u00e7iq teksa thot\u00eb se mund t\u00eb bie nga pushteti, p\u00ebrmend edhe Kosov\u00ebn\" \/><\/a><\/div>\n<\/div>\n<p>\u201cAi (Vu\u00e7iq) po krijon nj\u00eb realitet paralel dhe tani po p\u00ebrpiqet t\u00eb provokoj\u00eb trazira dhe incidente, ashtu si\u00e7 b\u00ebri me bandat e tij gjat\u00eb protestave n\u00eb Beograd dhe Novi Sad. Qytetar\u00ebt e Serbis\u00eb nuk kan\u00eb bandit\u00eb t\u00eb maskuar \u2013 ata i ka Vu\u00e7iq. Ai \u00ebsht\u00eb ai q\u00eb po p\u00ebrpiqet me \u00e7do m\u00ebnyr\u00eb t\u00eb provokoj\u00eb incidente. Duke folur p\u00ebr kontrarevolucion, ai po b\u00ebn thirrje p\u00ebr dhun\u00eb\u201d, ka th\u00ebn\u00eb kryetari i L\u00ebvizjes Popullore t\u00eb Serbis\u00eb, Miroslav Aleksiq.<\/p>\n<p>Opozita ka theksuar se ata nuk jan\u00eb organizator\u00ebt e protestave, por student\u00ebt, dhe kan\u00eb kujtuar se deri m\u00eb tani jan\u00eb mbajtur shum\u00eb protesta pa asnj\u00eb rast dhune.<\/p>\n<p>Vu\u00e7iq ka bazuar pretendimet p\u00ebr dhun\u00eb edhe n\u00eb skenat e fundit n\u00eb Kuvendin e Serbis\u00eb, ku jan\u00eb p\u00ebrdorur flakadan\u00eb dhe mjete shp\u00ebrthyese t\u00eb zhurmshme, duke l\u00ebn\u00eb t\u00eb plagosur disa deputet\u00eb.<\/p>\n<p>Nj\u00eb dit\u00eb para protestave t\u00eb sotme, para Presidenc\u00ebs s\u00eb Serbis\u00eb jan\u00eb vendosur dhjet\u00ebra traktor\u00eb t\u00eb sjell\u00eb nga rajone t\u00eb ndryshme t\u00eb vendit, pa targa identifikuese.<\/p>\n<p>Ekspert\u00ebt e siguris\u00eb vler\u00ebsojn\u00eb se traktor\u00ebt e parkuar jan\u00eb nj\u00eb mjet presioni dhe synojn\u00eb t\u00eb krijojn\u00eb frik\u00eb p\u00ebr radikalizimin e protestave, n\u00eb m\u00ebnyr\u00eb q\u00eb numri i pjes\u00ebmarr\u00ebsve n\u00eb rrug\u00eb t\u00eb jet\u00eb sa m\u00eb i vog\u00ebl.<\/p>\n<p>Q\u00eb nga fillimi i bllokadave n\u00eb universitetet e Serbis\u00eb, student\u00ebt kan\u00eb paraqitur disa k\u00ebrkesa. Ata kan\u00eb k\u00ebrkuar publikimin e dokumentacionit t\u00eb plot\u00eb mbi rikonstruksionin e Stacionit Hekurudhor, p\u00ebr t\u00eb p\u00ebrcaktuar p\u00ebrgjegj\u00ebsin\u00eb p\u00ebr aksidentin.<\/p>\n<p>K\u00ebrkesa e dyt\u00eb ka qen\u00eb hedhja posht\u00eb e akuzave ndaj student\u00ebve dhe t\u00eb rinjve t\u00eb arrestuar gjat\u00eb protestave pas shembjes s\u00eb mbules\u00ebs n\u00eb Stacionin Hekurudhor t\u00eb Novi Sadit.<\/p>\n<p>K\u00ebrkesa e tret\u00eb \u00ebsht\u00eb ngritja e padive penale ndaj atyre q\u00eb kan\u00eb sulmuar student\u00ebt dhe profesor\u00ebt dhe ndjekja e tyre penale.<\/p>\n","protected":false},"excerpt":{"rendered":"<p>Protesta t\u00eb m\u00ebdha studentore n\u00eb Beograd, Vu\u00e7i\u00e7 paralajm\u00ebron p\u00ebr p\u00ebrplasje.\u00a0Protesta masive t\u00eb student\u00ebve do t\u00eb mbahen sot n\u00eb Beograd, nd\u00ebrsa presidenti i Serbis\u00eb, Aleksandar Vu\u00e7i\u00e7, pretendon se q\u00ebllimi i tyre \u00ebsht\u00eb t\u00eb nxisin luft\u00eb civile dhe t\u00eb marrin pushtetin me dhun\u00eb. Student\u00ebt, t\u00eb cil\u00ebt jan\u00eb duke protestuar q\u00eb nga fundi i vitit t\u00eb kaluar, nis\u00ebn &hellip;<\/p>\n","protected":false},"author":4,"featured_media":107366,"comment_status":"closed","ping_status":"closed","sticky":false,"template":"","format":"standard","meta":{"footnotes":""},"categories":[38,37],"tags":[],"class_list":["post-107365","post","type-post","status-publish","format-standard","has-post-thumbnail","","category-bota","category-politike"],"_links":{"self":[{"href":"https:\/\/rdnews.al\/index.php\/wp-json\/wp\/v2\/posts\/107365","targetHints":{"allow":["GET"]}}],"collection":[{"href":"https:\/\/rdnews.al\/index.php\/wp-json\/wp\/v2\/posts"}],"about":[{"href":"https:\/\/rdnews.al\/index.php\/wp-json\/wp\/v2\/types\/post"}],"author":[{"embeddable":true,"href":"https:\/\/rdnews.al\/index.php\/wp-json\/wp\/v2\/users\/4"}],"replies":[{"embeddable":true,"href":"https:\/\/rdnews.al\/index.php\/wp-json\/wp\/v2\/comments?post=107365"}],"version-history":[{"count":1,"href":"https:\/\/rdnews.al\/index.php\/wp-json\/wp\/v2\/posts\/107365\/revisions"}],"predecessor-version":[{"id":107367,"href":"https:\/\/rdnews.al\/index.php\/wp-json\/wp\/v2\/posts\/107365\/revisions\/107367"}],"wp:featuredmedia":[{"embeddable":true,"href":"https:\/\/rdnews.al\/index.php\/wp-json\/wp\/v2\/media\/107366"}],"wp:attachment":[{"href":"https:\/\/rdnews.al\/index.php\/wp-json\/wp\/v2\/media?parent=107365"}],"wp:term":[{"taxonomy":"category","embeddable":true,"href":"https:\/\/rdnews.al\/index.php\/wp-json\/wp\/v2\/categories?post=107365"},{"taxonomy":"post_tag","embeddable":true,"href":"https:\/\/rdnews.al\/index.php\/wp-json\/wp\/v2\/tags?post=107365"}],"curies":[{"name":"wp","href":"https:\/\/api.w.org\/{rel}","templated":true}]}}