{"id":107377,"date":"2025-03-15T13:14:02","date_gmt":"2025-03-15T13:14:02","guid":{"rendered":"https:\/\/rdnews.al\/?p=107377"},"modified":"2025-03-15T13:14:02","modified_gmt":"2025-03-15T13:14:02","slug":"berisha-tre-rezoluta-dhe-193-parti-kane-tronditur-themelet-e-narkodiktatures","status":"publish","type":"post","link":"https:\/\/rdnews.al\/index.php\/2025\/03\/15\/berisha-tre-rezoluta-dhe-193-parti-kane-tronditur-themelet-e-narkodiktatures\/","title":{"rendered":"Berisha: Tre rezoluta dhe 193 parti kan\u00eb tronditur themelet e narkodiktatur\u00ebs"},"content":{"rendered":"<p>Kreu i Partis\u00eb Demokratike, Sali Berisha, ka theksuar se zgjedhjet e Edi Ram\u00ebs jan\u00eb shpallur si nj\u00eb \u201cfars\u00eb elektorale\u201d nga tre rezoluta nd\u00ebrkomb\u00ebtare, t\u00eb firmosura nga 193 parti politike nga e gjith\u00eb bota.<\/p>\n<p>Berisha theksoi se k\u00ebto rezoluta kan\u00eb tronditur themelet e asaj q\u00eb ai e cil\u00ebsoi si \u201cnarkokraci dhe diktatur\u00eb\u201d t\u00eb Ram\u00ebs.<\/p>\n<p>\u201cSigurisht q\u00eb ne, do b\u00ebjm\u00eb t\u00eb gjitha p\u00ebrpjekjet p\u00ebr mbrojtjen e vot\u00ebs. Por, i dashur Leart shkojm\u00eb n\u00eb k\u00ebto zgjedhje pasi tre rezoluta nd\u00ebrkomb\u00ebtare, t\u00eb firmosura s\u00eb bashku nga 193 parti politike t\u00eb planetit kan\u00eb damkosur zgjedhjet e Edi Ram\u00ebs si nj\u00eb fars\u00eb elektorale.<\/p>\n<p>Pra, kan\u00eb dridhur themelet e narkokracis\u00eb dhe diktatur\u00ebs s\u00eb tij.<\/p>\n<p>Ne, garantojm\u00eb shqiptar\u00ebt q\u00eb b\u00ebjm\u00eb \u00e7do p\u00ebrpjekje p\u00ebr t\u00eb num\u00ebruar \u00e7do vot\u00eb t\u00eb tyre dhe p\u00ebr t\u00eb firmosur m\u00eb 11 maj fitoren e opozit\u00ebs\u201d, tha Berisha.<\/p>\n","protected":false},"excerpt":{"rendered":"<p>Kreu i Partis\u00eb Demokratike, Sali Berisha, ka theksuar se zgjedhjet e Edi Ram\u00ebs jan\u00eb shpallur si nj\u00eb \u201cfars\u00eb elektorale\u201d nga tre rezoluta nd\u00ebrkomb\u00ebtare, t\u00eb firmosura nga 193 parti politike nga e gjith\u00eb bota. Berisha theksoi se k\u00ebto rezoluta kan\u00eb tronditur themelet e asaj q\u00eb ai e cil\u00ebsoi si \u201cnarkokraci dhe diktatur\u00eb\u201d t\u00eb Ram\u00ebs. \u201cSigurisht q\u00eb &hellip;<\/p>\n","protected":false},"author":4,"featured_media":107378,"comment_status":"closed","ping_status":"closed","sticky":false,"template":"","format":"standard","meta":{"footnotes":""},"categories":[37],"tags":[],"class_list":["post-107377","post","type-post","status-publish","format-standard","has-post-thumbnail","","category-politike"],"_links":{"self":[{"href":"https:\/\/rdnews.al\/index.php\/wp-json\/wp\/v2\/posts\/107377","targetHints":{"allow":["GET"]}}],"collection":[{"href":"https:\/\/rdnews.al\/index.php\/wp-json\/wp\/v2\/posts"}],"about":[{"href":"https:\/\/rdnews.al\/index.php\/wp-json\/wp\/v2\/types\/post"}],"author":[{"embeddable":true,"href":"https:\/\/rdnews.al\/index.php\/wp-json\/wp\/v2\/users\/4"}],"replies":[{"embeddable":true,"href":"https:\/\/rdnews.al\/index.php\/wp-json\/wp\/v2\/comments?post=107377"}],"version-history":[{"count":1,"href":"https:\/\/rdnews.al\/index.php\/wp-json\/wp\/v2\/posts\/107377\/revisions"}],"predecessor-version":[{"id":107379,"href":"https:\/\/rdnews.al\/index.php\/wp-json\/wp\/v2\/posts\/107377\/revisions\/107379"}],"wp:featuredmedia":[{"embeddable":true,"href":"https:\/\/rdnews.al\/index.php\/wp-json\/wp\/v2\/media\/107378"}],"wp:attachment":[{"href":"https:\/\/rdnews.al\/index.php\/wp-json\/wp\/v2\/media?parent=107377"}],"wp:term":[{"taxonomy":"category","embeddable":true,"href":"https:\/\/rdnews.al\/index.php\/wp-json\/wp\/v2\/categories?post=107377"},{"taxonomy":"post_tag","embeddable":true,"href":"https:\/\/rdnews.al\/index.php\/wp-json\/wp\/v2\/tags?post=107377"}],"curies":[{"name":"wp","href":"https:\/\/api.w.org\/{rel}","templated":true}]}}