{"id":107380,"date":"2025-03-15T13:28:25","date_gmt":"2025-03-15T13:28:25","guid":{"rendered":"https:\/\/rdnews.al\/?p=107380"},"modified":"2025-03-15T13:28:25","modified_gmt":"2025-03-15T13:28:25","slug":"berisha-me-edi-ramen-ne-qeveri-integrimi-ne-be-largohet-me-shpejtesi-pd-do-ta-coje-vendin-ne-bashkesine-europian","status":"publish","type":"post","link":"https:\/\/rdnews.al\/index.php\/2025\/03\/15\/berisha-me-edi-ramen-ne-qeveri-integrimi-ne-be-largohet-me-shpejtesi-pd-do-ta-coje-vendin-ne-bashkesine-europian\/","title":{"rendered":"Berisha: Me Edi Ram\u00ebn n\u00eb qeveri, integrimi n\u00eb BE largohet me shpejt\u00ebsi.!PD do ta \u00e7oj\u00eb vendin n\u00eb bashk\u00ebsin\u00eb Europian"},"content":{"rendered":"<p>Kryetari i Partis\u00eb Demokratike, Sali Berisha\u00a0duke iu p\u00ebrgjigjur pyetjeve t\u00eb qytetar\u00ebve, tha se me k\u00ebto lidhje t\u00eb tmerrshme t\u00eb qeveris\u00eb me krimin, p\u00ebr Shqip\u00ebrin\u00eb me Edi Ram\u00ebn, an\u00ebtar\u00ebsimi n\u00eb BE do t\u00eb jet\u00eb nj\u00eb horizont q\u00eb largohet me shpejt\u00ebsi.<\/p>\n<p>\u201cKjo deklarat\u00eb qesharake e tij tingellon me at\u00eb q\u00eb thot\u00eb: e treta e v\u00ebrteta, por e treta doli e pav\u00ebrtet\u00eb. Tani e treta mqs doli e pav\u00ebrtet\u00eb, do dal\u00eb e kat\u00ebrta.<\/p>\n<p>E kat\u00ebrta do t\u00eb jet\u00eb e v\u00ebrtet\u00eb, aq sa doli e treta. Ndaj dhe un\u00eb kam besim se shqiptar\u00ebt nuk e besojn\u00eb k\u00ebt\u00eb mashtrim t\u00eb tij.<\/p>\n<p>Ju m\u00eb pyesni mua dhe e dini qart\u00eb se, nj\u00eb nga shtyllat m\u00eb themelore t\u00eb programit ton\u00eb \u00ebsht\u00eb integrimi n\u00eb BE, por mund t\u00eb pyesni: pse ky proces gjat\u00eb periudh\u00ebs q\u00eb ne ishim n\u00eb pushtet eci pandalsh\u00ebm. Nuk po them vrapoi, por eci pandalsh\u00ebm?<\/p>\n<p>Nga firmosja e Marr\u00ebveshjes s\u00eb Stabilizim Asocimit tek dor\u00ebzimi i pyet\u00ebsorit, tek liberalizimi i vizave dhe s\u00eb fundmi, rekomandimi nga komisioni europian t\u00eb statusit t\u00eb vendit kandidat. Pse kjo? Pse Shqip\u00ebria arriti t\u00eb mar\u00ebr ftes\u00ebn p\u00ebr an\u00ebtare t\u00eb Aleanc\u00ebs s\u00eb Atlantikut t\u00eb Veriut dhe arriti t\u00eb firmos\u00eb aleanc\u00ebn e Atlantikut t\u00eb Veriut?<\/p>\n<p>Vet\u00ebm e vet\u00ebm, q\u00eb t\u00eb dyja, sepse parimi yn\u00eb ishte ky: gjith\u00e7ka duhet t\u00eb jet\u00eb e bazuar n\u00eb merit\u00eb dhe asgj\u00eb tjet\u00ebr jasht\u00eb merit\u00ebs, \u00e7ka k\u00ebrkonte q\u00eb qeveria shqiptare t\u00eb plot\u00ebsonte standarde dhe kritere, t\u00eb cilat ishin interesi m\u00eb i mir\u00eb i qytetar\u00ebve t\u00eb vet, k\u00ebrkonin q\u00eb Shqip\u00ebria t\u00eb kishte zero toleranc\u00eb ndaj krimit. K\u00ebrkonin q\u00eb Shqip\u00ebria t\u00eb luftonte me forc\u00eb t\u00eb madhe korrupsionin. K\u00ebrkonte q\u00eb Shqip\u00ebria t\u00eb respektonte t\u00eb drejtat e qytetar\u00ebve shqiptar\u00eb, lirit\u00eb e tyre. K\u00ebrkonte q\u00eb Shqip\u00ebria t\u00eb respektonte opozit\u00ebn.<\/p>\n<p>Kujtoni, ku jemi me Edi Ram\u00ebn?<\/p>\n<p>Edi Rama e bazon biznesin dhe korrupsionin transnacional, dhe nuk plot\u00ebson asnj\u00eb kriter tjet\u00ebr, \u00ebprve\u00e7 kriterit gjeostrategjik, q\u00eb \u00ebsht\u00eb nj\u00eb kriter i r\u00ebnd\u00ebsish\u00ebm, por ky \u00ebsht\u00eb nj\u00eb kriter natyror.<\/p>\n<p>Pozicioni gjeografik i Shqip\u00ebris\u00eb nuk ka asnj\u00eb lidhje me Edi Ram\u00ebn. \u00cbsht\u00eb shekullor, mij\u00ebravje\u00e7ar.<\/p>\n<p>Edi Rama nuk zotohet dot, mashtron se do t\u00eb plot\u00ebsoj\u00eb nj\u00eb kriter t\u00eb vet\u00ebm.<\/p>\n<p>Un\u00eb ju them ju, se me k\u00ebto rroga dhe pensione nuk t \u00ebpranon kush an\u00ebtare t\u00eb BE, mos t\u00eb ket\u00eb asnj\u00eb iluzion. Un\u00eb ju garantoj ju, se me k\u00ebt\u00eb fars\u00eb elektorale nuk pranohet Shqip\u00ebria n\u00eb BE.<\/p>\n<p>Un\u00eb ju garantoj ju, se me k\u00ebto lidhje t\u00eb tmerrshme t\u00eb qeveris\u00eb me krimin, p\u00ebr Shqip\u00ebrin\u00eb me Edi Ram\u00ebn, an\u00ebtar\u00ebsimi n\u00eb BE do t\u00eb jet\u00eb nj\u00eb horizont q\u00eb largohet me shpejt\u00ebsi.<\/p>\n<p>Pra, n\u00eb rast se b\u00ebhet fjal\u00eb p\u00ebr integrimin e plot\u00eb, p\u00ebr an\u00ebtar\u00ebsimin e Shqip\u00ebris\u00eb n\u00eb BE ka vet\u00ebm vet\u00ebm n\u00ebj rrug\u00eb, dhe kjo \u00ebsht\u00eb rruga e bazuar n\u00eb parimin n\u00eb merit\u00eb, nj\u00eb proces i bazuar n\u00eb merit\u00ebn, n\u00eb performanc\u00ebn, n\u00eb arritjen e kritereve.<\/p>\n<p>K\u00ebshtu q\u00eb, k\u00ebt\u00eb proces do e kompletoj\u00eb PD n\u00eb koh\u00ebn m\u00eb t\u00eb par\u00eb t\u00eb mundshme\u201d, u shpreh Berisha.<\/p>\n","protected":false},"excerpt":{"rendered":"<p>Kryetari i Partis\u00eb Demokratike, Sali Berisha\u00a0duke iu p\u00ebrgjigjur pyetjeve t\u00eb qytetar\u00ebve, tha se me k\u00ebto lidhje t\u00eb tmerrshme t\u00eb qeveris\u00eb me krimin, p\u00ebr Shqip\u00ebrin\u00eb me Edi Ram\u00ebn, an\u00ebtar\u00ebsimi n\u00eb BE do t\u00eb jet\u00eb nj\u00eb horizont q\u00eb largohet me shpejt\u00ebsi. \u201cKjo deklarat\u00eb qesharake e tij tingellon me at\u00eb q\u00eb thot\u00eb: e treta e v\u00ebrteta, por e &hellip;<\/p>\n","protected":false},"author":4,"featured_media":107381,"comment_status":"closed","ping_status":"closed","sticky":false,"template":"","format":"standard","meta":{"footnotes":""},"categories":[37],"tags":[],"class_list":["post-107380","post","type-post","status-publish","format-standard","has-post-thumbnail","","category-politike"],"_links":{"self":[{"href":"https:\/\/rdnews.al\/index.php\/wp-json\/wp\/v2\/posts\/107380","targetHints":{"allow":["GET"]}}],"collection":[{"href":"https:\/\/rdnews.al\/index.php\/wp-json\/wp\/v2\/posts"}],"about":[{"href":"https:\/\/rdnews.al\/index.php\/wp-json\/wp\/v2\/types\/post"}],"author":[{"embeddable":true,"href":"https:\/\/rdnews.al\/index.php\/wp-json\/wp\/v2\/users\/4"}],"replies":[{"embeddable":true,"href":"https:\/\/rdnews.al\/index.php\/wp-json\/wp\/v2\/comments?post=107380"}],"version-history":[{"count":1,"href":"https:\/\/rdnews.al\/index.php\/wp-json\/wp\/v2\/posts\/107380\/revisions"}],"predecessor-version":[{"id":107382,"href":"https:\/\/rdnews.al\/index.php\/wp-json\/wp\/v2\/posts\/107380\/revisions\/107382"}],"wp:featuredmedia":[{"embeddable":true,"href":"https:\/\/rdnews.al\/index.php\/wp-json\/wp\/v2\/media\/107381"}],"wp:attachment":[{"href":"https:\/\/rdnews.al\/index.php\/wp-json\/wp\/v2\/media?parent=107380"}],"wp:term":[{"taxonomy":"category","embeddable":true,"href":"https:\/\/rdnews.al\/index.php\/wp-json\/wp\/v2\/categories?post=107380"},{"taxonomy":"post_tag","embeddable":true,"href":"https:\/\/rdnews.al\/index.php\/wp-json\/wp\/v2\/tags?post=107380"}],"curies":[{"name":"wp","href":"https:\/\/api.w.org\/{rel}","templated":true}]}}