{"id":107386,"date":"2025-03-15T13:52:49","date_gmt":"2025-03-15T13:52:49","guid":{"rendered":"https:\/\/rdnews.al\/?p=107386"},"modified":"2025-03-15T13:53:02","modified_gmt":"2025-03-15T13:53:02","slug":"berisha-pd-me-program-te-vecante-per-personat-me-aftesi-ndryshe-minimumin-jetim-dhe-pajisje-me-rimbursim-nga-qeveria","status":"publish","type":"post","link":"https:\/\/rdnews.al\/index.php\/2025\/03\/15\/berisha-pd-me-program-te-vecante-per-personat-me-aftesi-ndryshe-minimumin-jetim-dhe-pajisje-me-rimbursim-nga-qeveria\/","title":{"rendered":"PD me program t\u00eb ve\u00e7ant\u00eb p\u00ebr personat me aft\u00ebsi ndryshe! Minimumin jetim dhe pajisje me rimbursim nga qeveria"},"content":{"rendered":"<p>Kreu i Partis\u00eb Demokratike, Sali Berisha, n\u00eb bashk\u00ebbisedimin me qytetar\u00ebt u shpreh se me ardhjen n\u00eb pushtet, PD ka p\u00ebrcaktuar si paket\u00eb emergjence, paket\u00ebn e dhembshuris\u00eb, e cila do t\u00eb zbatohet tre muajt e para t\u00eb qeverisjes. Kjo paket\u00eb p\u00ebrfshin s\u00eb pari, vendosjen e minimumit jetik p\u00ebr \u00e7do shqiptar q\u00eb merr nd\u00ebn 200 euro.<\/p>\n<p>\u201cPartia Demokratike me ardhjen n\u00eb pushtet ka p\u00ebrcaktuar si paket\u00eb emergjence, paket\u00ebn e dhembshuris\u00eb, e cila do t\u00eb zbatohet tre muajt e para t\u00eb qeverisjes. Kjo paket\u00eb p\u00ebrfshin s\u00eb pari, vendosjen e minimumit jetik p\u00ebr \u00e7do shqiptar q\u00eb merr nd\u00ebn 200 euro. Vendosja 200 euro e minimumit jetik.<\/p>\n<p>P\u00ebr t\u00eb gjith\u00eb ata q\u00eb marrin pension m\u00eb t\u00eb ul\u00ebt se 200 euro, se marrin pension t\u00eb pjessh\u00ebm apo nuk marrin pension. P\u00ebr t\u00eb gjith\u00eb invalid\u00ebt dhe t\u00eb tjer\u00eb.<\/p>\n<p>S\u00eb dyti, karta e konsumatorit. Rikthimi i taks\u00ebs q\u00eb paguajn\u00eb n\u00eb blerje, t\u00eb gjith\u00eb rrog\u00ebult\u00ebve dhe pensionist\u00ebve.<\/p>\n<p>S\u00eb treti, ju keni shum\u00eb t\u00eb drejt\u00eb. Sot n\u00eb Shqip\u00ebri m\u00eb t\u00eb braktisurit jan\u00eb njer\u00ebzit me aft\u00ebsira ndryshe, apo si\u00e7 po flisnit ju, invalid\u00ebt. Pa asnj\u00eb diskutim q\u00eb do t\u00eb ju paguhen t\u00eb plota sigurimet shoq\u00ebrore kujdestar\u00ebve, sikund\u00ebr do t\u00eb krijohen qendrat m\u00eb t\u00eb fuqishme t\u00eb rehabilitimit n\u00eb m\u00ebnyr\u00eb q\u00eb k\u00ebto qytetar\u00eb t\u00eb mund t\u00eb b\u00ebjn\u00eb nj\u00eb jet\u00eb sa m\u00eb normale.<\/p>\n<p>T\u00eb gjitha pajisjet q\u00eb atyre u nevojiten p\u00ebr jet\u00ebn normale, do tu jepen me rimbursim 100% nga qeveria. Pra do t\u00eb ket\u00eb nj\u00eb ndryshim rr\u00ebnj\u00ebsor me q\u00ebndrimin ndaj tyre. Po kjo paket\u00eb parashikon rrog\u00ebn minimale, nuk ka rrog\u00eb nd\u00ebn 500 euro, parashikon rritjen e pensioneve, p\u00ebrve\u00e7 200 eurove, me 20%. Parashikon rrog\u00ebn mesatare 1200 euro. Parashikon uljen e \u00e7mimit t\u00eb naft\u00ebs n\u00eb mas\u00ebn 30-40 p\u00ebrqind me t\u00eb nj\u00ebjtat vlera q\u00eb \u00ebsht\u00eb n\u00eb Kosov\u00eb.<\/p>\n<p>Ne do t\u00eb p\u00ebrmbysim shp\u00ebrndarjen e buxhetit duke v\u00ebn\u00eb n\u00eb epiqend\u00ebr qytetarin, jetes\u00ebn e tij dhe ti japim mund\u00ebsin\u00eb ti nxjerrim nga varf\u00ebria ekstreme dhe t\u00eb b\u00ebjn\u00eb nj\u00eb jet\u00eb sa m\u00eb normale\u201d, tha Berisha.<\/p>\n","protected":false},"excerpt":{"rendered":"<p>Kreu i Partis\u00eb Demokratike, Sali Berisha, n\u00eb bashk\u00ebbisedimin me qytetar\u00ebt u shpreh se me ardhjen n\u00eb pushtet, PD ka p\u00ebrcaktuar si paket\u00eb emergjence, paket\u00ebn e dhembshuris\u00eb, e cila do t\u00eb zbatohet tre muajt e para t\u00eb qeverisjes. Kjo paket\u00eb p\u00ebrfshin s\u00eb pari, vendosjen e minimumit jetik p\u00ebr \u00e7do shqiptar q\u00eb merr nd\u00ebn 200 euro. \u201cPartia &hellip;<\/p>\n","protected":false},"author":4,"featured_media":107387,"comment_status":"closed","ping_status":"closed","sticky":false,"template":"","format":"standard","meta":{"footnotes":""},"categories":[37],"tags":[],"class_list":["post-107386","post","type-post","status-publish","format-standard","has-post-thumbnail","","category-politike"],"_links":{"self":[{"href":"https:\/\/rdnews.al\/index.php\/wp-json\/wp\/v2\/posts\/107386","targetHints":{"allow":["GET"]}}],"collection":[{"href":"https:\/\/rdnews.al\/index.php\/wp-json\/wp\/v2\/posts"}],"about":[{"href":"https:\/\/rdnews.al\/index.php\/wp-json\/wp\/v2\/types\/post"}],"author":[{"embeddable":true,"href":"https:\/\/rdnews.al\/index.php\/wp-json\/wp\/v2\/users\/4"}],"replies":[{"embeddable":true,"href":"https:\/\/rdnews.al\/index.php\/wp-json\/wp\/v2\/comments?post=107386"}],"version-history":[{"count":2,"href":"https:\/\/rdnews.al\/index.php\/wp-json\/wp\/v2\/posts\/107386\/revisions"}],"predecessor-version":[{"id":107389,"href":"https:\/\/rdnews.al\/index.php\/wp-json\/wp\/v2\/posts\/107386\/revisions\/107389"}],"wp:featuredmedia":[{"embeddable":true,"href":"https:\/\/rdnews.al\/index.php\/wp-json\/wp\/v2\/media\/107387"}],"wp:attachment":[{"href":"https:\/\/rdnews.al\/index.php\/wp-json\/wp\/v2\/media?parent=107386"}],"wp:term":[{"taxonomy":"category","embeddable":true,"href":"https:\/\/rdnews.al\/index.php\/wp-json\/wp\/v2\/categories?post=107386"},{"taxonomy":"post_tag","embeddable":true,"href":"https:\/\/rdnews.al\/index.php\/wp-json\/wp\/v2\/tags?post=107386"}],"curies":[{"name":"wp","href":"https:\/\/api.w.org\/{rel}","templated":true}]}}