{"id":107395,"date":"2025-03-15T14:01:42","date_gmt":"2025-03-15T14:01:42","guid":{"rendered":"https:\/\/rdnews.al\/?p=107395"},"modified":"2025-03-15T14:01:42","modified_gmt":"2025-03-15T14:01:42","slug":"mbyllja-e-tik-tok-berisha-edi-rama-po-te-kishte-ligje-njesoj-si-i-ati-do-te-varte-kedo-qe-kishte-mendim-ndryshe","status":"publish","type":"post","link":"https:\/\/rdnews.al\/index.php\/2025\/03\/15\/mbyllja-e-tik-tok-berisha-edi-rama-po-te-kishte-ligje-njesoj-si-i-ati-do-te-varte-kedo-qe-kishte-mendim-ndryshe\/","title":{"rendered":"Mbyllja e Tik Tok\/ Berisha: Edi Rama po t\u00eb kishte ligje, nj\u00ebsoj si i ati, do t\u00eb varte k\u00ebdo q\u00eb kishte mendim ndryshe"},"content":{"rendered":"<p>Kreu i PD, Sali Berisha, ka theksuar se vendimi i Ram\u00ebs p\u00ebr mbylljen e\u00a0TikTok\u00a0\u00ebsht\u00eb identik me vendimin e habitullahut t\u00eb Kabulit dhe Ajetollahut t\u00eb Teheranit p\u00ebr mbylljen e k\u00ebsaj platforme t\u00eb mrekullueshme.<\/p>\n<p><em>Berisha tha se, me aktin<\/em><em> e tij, pas 37 viteve ndaj Tik Tok, Edi Rama d\u00ebshmon se po t\u00eb ishin ligjet e vjetra, nuk do i dridhej dora t\u00eb varte n\u00eb litar nj\u00eblloj si i atij, nj\u00eblloj si\u00e7 po vepron me Tik Tok, t\u00eb gjith\u00eb ata q\u00eb do e kritikonim dhe do kenin mendime ndryshe.<\/em><\/p>\n<p>\u201cAkti i Edi Ram\u00ebs p\u00ebr mbylljen e Tik Tok \u00ebsht\u00eb identik me vendimin e habitullahut t\u00eb Kabulit dhe Ajetollahut t\u00eb Teheranit p\u00ebr mbylljen e k\u00ebsaj platforme t\u00eb mrekullueshme.<\/p>\n<p>Edi Rama ka dhe nj\u00eb problem tjet\u00ebr madhor n\u00eb k\u00ebt\u00eb q\u00ebndrim.<\/p>\n<p>Ftoj shqiptar\u00ebt t\u00eb mos harrojn\u00eb se n\u00eb gusht t\u00eb vitit 1988, Kristaq Rama asokohe z\u00ebvend\u00ebsi i Nexhmije Hoxh\u00ebs dhe an\u00ebtar kryesor i presidiumit t\u00eb Kuvendit Popullor, pra i<\/p>\n<p>Ramiz Alis\u00eb, firmos varjen n\u00eb litar t\u00eb poetit Havzi Nela p\u00ebr vargjet e tij kushtuar fjal\u00ebs s\u00eb lir\u00eb dhe liris\u00eb s\u00eb mendimit. Me aktin e tij, pas 37 viteve ndaj Tik Tok, Edi Rama d\u00ebshmon se po t\u00eb ishin ligjet e vjetra, nuk do i dridhej dora t\u00eb varte n\u00eb litar nj\u00eblloj si i atij, nj\u00eblloj si\u00e7 po vepron me Tik Tok, t\u00eb gjith\u00eb ata q\u00eb do e kritikonim dhe do kenin mendime ndryshe.<\/p>\n<p>Por sot t\u00eb rinjt\u00eb kan\u00eb nj\u00eb protest\u00eb t\u00eb madhe dhe kjo \u00ebsht\u00eb protesta m\u00eb e r\u00ebnd\u00ebsishme e jet\u00ebs s\u00eb tyre p\u00ebr lirin\u00eb e fjal\u00ebs. Ndaj dhe un\u00eb i p\u00ebrg\u00ebzoj ata dhe i garantoj se, me dat\u00ebn 12 maj Tik Toku do t\u00eb l\u00ebshohet menj\u00ebher\u00eb.<\/p>\n<p>Ftoj kompanit\u00eb e internetit dhe t\u00eb telefonis\u00eb celulare t\u00eb mos b\u00ebhen bashk\u00ebautore n\u00eb k\u00ebt\u00eb megacensur\u00eb q\u00eb e barazon Shqip\u00ebrin\u00eb me Afganistanin dhe Teheranin. Ndaj t\u00eb b\u00ebjn\u00eb \u00e7do p\u00ebrpjekje q\u00eb ato vegla q\u00eb ka bler\u00eb Edi Rama p\u00ebr t\u00eb bllokuar Tik Tokun t\u00eb mos funksionojn\u00eb\u201d, tha Berisha.<\/p>\n","protected":false},"excerpt":{"rendered":"<p>Kreu i PD, Sali Berisha, ka theksuar se vendimi i Ram\u00ebs p\u00ebr mbylljen e\u00a0TikTok\u00a0\u00ebsht\u00eb identik me vendimin e habitullahut t\u00eb Kabulit dhe Ajetollahut t\u00eb Teheranit p\u00ebr mbylljen e k\u00ebsaj platforme t\u00eb mrekullueshme. Berisha tha se, me aktin e tij, pas 37 viteve ndaj Tik Tok, Edi Rama d\u00ebshmon se po t\u00eb ishin ligjet e vjetra, &hellip;<\/p>\n","protected":false},"author":4,"featured_media":107378,"comment_status":"closed","ping_status":"closed","sticky":false,"template":"","format":"standard","meta":{"footnotes":""},"categories":[37],"tags":[],"class_list":["post-107395","post","type-post","status-publish","format-standard","has-post-thumbnail","","category-politike"],"_links":{"self":[{"href":"https:\/\/rdnews.al\/index.php\/wp-json\/wp\/v2\/posts\/107395","targetHints":{"allow":["GET"]}}],"collection":[{"href":"https:\/\/rdnews.al\/index.php\/wp-json\/wp\/v2\/posts"}],"about":[{"href":"https:\/\/rdnews.al\/index.php\/wp-json\/wp\/v2\/types\/post"}],"author":[{"embeddable":true,"href":"https:\/\/rdnews.al\/index.php\/wp-json\/wp\/v2\/users\/4"}],"replies":[{"embeddable":true,"href":"https:\/\/rdnews.al\/index.php\/wp-json\/wp\/v2\/comments?post=107395"}],"version-history":[{"count":1,"href":"https:\/\/rdnews.al\/index.php\/wp-json\/wp\/v2\/posts\/107395\/revisions"}],"predecessor-version":[{"id":107396,"href":"https:\/\/rdnews.al\/index.php\/wp-json\/wp\/v2\/posts\/107395\/revisions\/107396"}],"wp:featuredmedia":[{"embeddable":true,"href":"https:\/\/rdnews.al\/index.php\/wp-json\/wp\/v2\/media\/107378"}],"wp:attachment":[{"href":"https:\/\/rdnews.al\/index.php\/wp-json\/wp\/v2\/media?parent=107395"}],"wp:term":[{"taxonomy":"category","embeddable":true,"href":"https:\/\/rdnews.al\/index.php\/wp-json\/wp\/v2\/categories?post=107395"},{"taxonomy":"post_tag","embeddable":true,"href":"https:\/\/rdnews.al\/index.php\/wp-json\/wp\/v2\/tags?post=107395"}],"curies":[{"name":"wp","href":"https:\/\/api.w.org\/{rel}","templated":true}]}}