{"id":107412,"date":"2025-03-15T18:32:54","date_gmt":"2025-03-15T18:32:54","guid":{"rendered":"https:\/\/rdnews.al\/?p=107412"},"modified":"2025-03-15T18:32:54","modified_gmt":"2025-03-15T18:32:54","slug":"protesta-me-e-madhe-ne-historine-e-serbise-kerkohet-doreheqja-e-vucic","status":"publish","type":"post","link":"https:\/\/rdnews.al\/index.php\/2025\/03\/15\/protesta-me-e-madhe-ne-historine-e-serbise-kerkohet-doreheqja-e-vucic\/","title":{"rendered":"Protesta m\u00eb e madhe n\u00eb historin\u00eb e Serbis\u00eb! K\u00ebrkohet dor\u00ebheqja e Vu\u00e7i\u00e7"},"content":{"rendered":"<div id=\"rekl-49\">Qindra mij\u00ebra njer\u00ebz raportohet t\u00eb jen\u00eb mbledhur n\u00eb Sheshin Sllavija n\u00eb qend\u00ebr t\u00eb Beogradit, mbr\u00ebmjen e s\u00eb shtun\u00ebs.<\/div>\n<div class=\"readmore-text-here\">\n<p>K\u00ebrkes\u00eb kryesore e protestuesve \u00ebsht\u00eb p\u00ebrgjegj\u00ebsia politike dhe penale p\u00ebr tragjedin\u00eb n\u00eb Novi Sad, ku nga shembja e nj\u00eb strehe n\u00eb Stacionin Hekurudhor t\u00eb qytetit humb\u00ebn jet\u00ebn 15 persona, n\u00ebntorin e kaluar.<\/p>\n<p>Nderkohe Ministria e Brendshme e Serbis\u00eb vler\u00ebsoi se 107.000 njer\u00ebz po marrin pjes\u00eb n\u00eb protest\u00ebn e sotme n\u00eb Beograd.<\/p>\n<div id=\"rekl-13\">\n<div id=\"__sap-ad-15\" class=\"__sap-ads __sap-html inline tracked\" data-title=\"Credins desktop Brenda lajmit 08\">Deri m\u00eb tani nuk ka pasur incidente t\u00eb m\u00ebdha apo shkelje t\u00eb rendit publik, thuhet n\u00eb njoftim.<\/div>\n<\/div>\n<p><img decoding=\"async\" src=\"https:\/\/www.syri.net\/uploads\/syri.net\/images\/2025\/March\/15\/auto_Screenshot_340-640x4541742062958.jpg\" alt=\"Image\" \/><img decoding=\"async\" src=\"https:\/\/www.syri.net\/uploads\/syri.net\/images\/2025\/March\/15\/auto_Screenshot_269-640x4491742062958.jpg\" alt=\"Image\" \/><\/p>\n<\/div>\n<div id=\"rekl-45\"><\/div>\n<div id=\"rekl-16\"><\/div>\n<div id=\"rekl-33\"><\/div>\n","protected":false},"excerpt":{"rendered":"<p>Qindra mij\u00ebra njer\u00ebz raportohet t\u00eb jen\u00eb mbledhur n\u00eb Sheshin Sllavija n\u00eb qend\u00ebr t\u00eb Beogradit, mbr\u00ebmjen e s\u00eb shtun\u00ebs. K\u00ebrkes\u00eb kryesore e protestuesve \u00ebsht\u00eb p\u00ebrgjegj\u00ebsia politike dhe penale p\u00ebr tragjedin\u00eb n\u00eb Novi Sad, ku nga shembja e nj\u00eb strehe n\u00eb Stacionin Hekurudhor t\u00eb qytetit humb\u00ebn jet\u00ebn 15 persona, n\u00ebntorin e kaluar. Nderkohe Ministria e Brendshme e &hellip;<\/p>\n","protected":false},"author":4,"featured_media":107413,"comment_status":"closed","ping_status":"closed","sticky":false,"template":"","format":"standard","meta":{"footnotes":""},"categories":[38],"tags":[],"class_list":["post-107412","post","type-post","status-publish","format-standard","has-post-thumbnail","","category-bota"],"_links":{"self":[{"href":"https:\/\/rdnews.al\/index.php\/wp-json\/wp\/v2\/posts\/107412","targetHints":{"allow":["GET"]}}],"collection":[{"href":"https:\/\/rdnews.al\/index.php\/wp-json\/wp\/v2\/posts"}],"about":[{"href":"https:\/\/rdnews.al\/index.php\/wp-json\/wp\/v2\/types\/post"}],"author":[{"embeddable":true,"href":"https:\/\/rdnews.al\/index.php\/wp-json\/wp\/v2\/users\/4"}],"replies":[{"embeddable":true,"href":"https:\/\/rdnews.al\/index.php\/wp-json\/wp\/v2\/comments?post=107412"}],"version-history":[{"count":1,"href":"https:\/\/rdnews.al\/index.php\/wp-json\/wp\/v2\/posts\/107412\/revisions"}],"predecessor-version":[{"id":107414,"href":"https:\/\/rdnews.al\/index.php\/wp-json\/wp\/v2\/posts\/107412\/revisions\/107414"}],"wp:featuredmedia":[{"embeddable":true,"href":"https:\/\/rdnews.al\/index.php\/wp-json\/wp\/v2\/media\/107413"}],"wp:attachment":[{"href":"https:\/\/rdnews.al\/index.php\/wp-json\/wp\/v2\/media?parent=107412"}],"wp:term":[{"taxonomy":"category","embeddable":true,"href":"https:\/\/rdnews.al\/index.php\/wp-json\/wp\/v2\/categories?post=107412"},{"taxonomy":"post_tag","embeddable":true,"href":"https:\/\/rdnews.al\/index.php\/wp-json\/wp\/v2\/tags?post=107412"}],"curies":[{"name":"wp","href":"https:\/\/api.w.org\/{rel}","templated":true}]}}